{"id":2263,"date":"2023-10-11T09:59:34","date_gmt":"2023-10-11T15:59:34","guid":{"rendered":"https:\/\/reclutamiento.mil.sv\/?p=2263"},"modified":"2024-08-09T12:05:48","modified_gmt":"2024-08-09T18:05:48","slug":"finaliza-segundo-proceso-de-reclutamiento-del-2023","status":"publish","type":"post","link":"https:\/\/reclutamiento.mil.sv\/?p=2263","title":{"rendered":"Finaliza el segundo Proceso de Reclutamiento  2023"},"content":{"rendered":"\n<p>Este 01 de octubre se sumaron a las filas de nuestra prestigiosa Fuerza Armada 1,200 elementos, distribuidos en las diferentes unidades militares de nuestro pa\u00eds,  a fin de apoyar a las diferentes tareas de seguridad publica y brindarle tranquilidad a la poblaci\u00f3n salvadore\u00f1a.<\/p>\n\n\n\n<figure class=\"wp-block-gallery has-nested-images columns-default is-cropped wp-block-gallery-1 is-layout-flex wp-block-gallery-is-layout-flex\">\n<figure class=\"wp-block-image size-large\"><img loading=\"lazy\" decoding=\"async\" width=\"640\" height=\"513\" data-id=\"2266\" src=\"https:\/\/reclutamiento.mil.sv\/wp-content\/uploads\/2023\/10\/thumbnail_20230927082839_IMG_3790.jpg\" alt=\"\" class=\"wp-image-2266\" srcset=\"https:\/\/reclutamiento.mil.sv\/wp-content\/uploads\/2023\/10\/thumbnail_20230927082839_IMG_3790.jpg 640w, https:\/\/reclutamiento.mil.sv\/wp-content\/uploads\/2023\/10\/thumbnail_20230927082839_IMG_3790-300x240.jpg 300w\" sizes=\"(max-width: 640px) 100vw, 640px\" \/><\/figure>\n\n\n\n<figure class=\"wp-block-image size-large\"><img loading=\"lazy\" decoding=\"async\" width=\"640\" height=\"427\" data-id=\"2268\" src=\"https:\/\/reclutamiento.mil.sv\/wp-content\/uploads\/2023\/10\/thumbnail_20230927095450_IMG_3964.jpg\" alt=\"\" class=\"wp-image-2268\" srcset=\"https:\/\/reclutamiento.mil.sv\/wp-content\/uploads\/2023\/10\/thumbnail_20230927095450_IMG_3964.jpg 640w, https:\/\/reclutamiento.mil.sv\/wp-content\/uploads\/2023\/10\/thumbnail_20230927095450_IMG_3964-300x200.jpg 300w\" sizes=\"(max-width: 640px) 100vw, 640px\" \/><\/figure>\n\n\n\n<figure class=\"wp-block-image size-large\"><img loading=\"lazy\" decoding=\"async\" width=\"640\" height=\"512\" data-id=\"2267\" src=\"https:\/\/reclutamiento.mil.sv\/wp-content\/uploads\/2023\/10\/thumbnail_20230927095253_IMG_3934.jpg\" alt=\"\" class=\"wp-image-2267\" srcset=\"https:\/\/reclutamiento.mil.sv\/wp-content\/uploads\/2023\/10\/thumbnail_20230927095253_IMG_3934.jpg 640w, https:\/\/reclutamiento.mil.sv\/wp-content\/uploads\/2023\/10\/thumbnail_20230927095253_IMG_3934-300x240.jpg 300w\" sizes=\"(max-width: 640px) 100vw, 640px\" \/><\/figure>\n\n\n\n<figure class=\"wp-block-image size-large\"><img loading=\"lazy\" decoding=\"async\" width=\"640\" height=\"427\" data-id=\"2264\" src=\"https:\/\/reclutamiento.mil.sv\/wp-content\/uploads\/2023\/10\/thumbnail_20230927081412_IMG_3708.jpg\" alt=\"\" class=\"wp-image-2264\" srcset=\"https:\/\/reclutamiento.mil.sv\/wp-content\/uploads\/2023\/10\/thumbnail_20230927081412_IMG_3708.jpg 640w, https:\/\/reclutamiento.mil.sv\/wp-content\/uploads\/2023\/10\/thumbnail_20230927081412_IMG_3708-300x200.jpg 300w\" sizes=\"(max-width: 640px) 100vw, 640px\" \/><\/figure>\n<\/figure>\n","protected":false},"excerpt":{"rendered":"<div class=\"parrafos-blancos-letranegra\"><p>Este 01 de octubre se sumaron a las filas de nuestra prestigiosa Fuerza Armada 1,200 elementos, distribuidos en las diferentes unidades militares de nuestro pa\u00eds, a fin de apoyar a [&hellip;]<\/p>\n<\/div>","protected":false},"author":3,"featured_media":2324,"comment_status":"open","ping_status":"open","sticky":false,"template":"","format":"standard","meta":{"footnotes":""},"categories":[3],"tags":[],"class_list":["post-2263","post","type-post","status-publish","format-standard","has-post-thumbnail","hentry","category-noticias"],"yoast_head":"<!-- This site is optimized with the Yoast SEO plugin v23.6 - https:\/\/yoast.com\/wordpress\/plugins\/seo\/ -->\n<title>Finaliza el segundo Proceso de Reclutamiento 2023 - Direcci\u00f3n General de Reclutamiento y Reserva<\/title>\n<meta name=\"robots\" content=\"index, follow, max-snippet:-1, max-image-preview:large, max-video-preview:-1\" \/>\n<link rel=\"canonical\" href=\"https:\/\/reclutamiento.mil.sv\/?p=2263\" \/>\n<meta property=\"og:locale\" content=\"es_ES\" \/>\n<meta property=\"og:type\" content=\"article\" \/>\n<meta property=\"og:title\" content=\"Finaliza el segundo Proceso de Reclutamiento 2023 - Direcci\u00f3n General de Reclutamiento y Reserva\" \/>\n<meta property=\"og:description\" content=\"Este 01 de octubre se sumaron a las filas de nuestra prestigiosa Fuerza Armada 1,200 elementos, distribuidos en las diferentes unidades militares de nuestro pa\u00eds, a fin de apoyar a [&hellip;]\" \/>\n<meta property=\"og:url\" content=\"https:\/\/reclutamiento.mil.sv\/?p=2263\" \/>\n<meta property=\"og:site_name\" content=\"Direcci\u00f3n General de Reclutamiento y Reserva\" \/>\n<meta property=\"article:published_time\" content=\"2023-10-11T15:59:34+00:00\" \/>\n<meta property=\"article:modified_time\" content=\"2024-08-09T18:05:48+00:00\" \/>\n<meta property=\"og:image\" content=\"https:\/\/reclutamiento.mil.sv\/wp-content\/uploads\/2023\/09\/imagen-5-1.jpg\" \/>\n\t<meta property=\"og:image:width\" content=\"1646\" \/>\n\t<meta property=\"og:image:height\" content=\"1646\" \/>\n\t<meta property=\"og:image:type\" content=\"image\/jpeg\" \/>\n<meta name=\"author\" content=\"Mirely Clavel\" \/>\n<meta name=\"twitter:card\" content=\"summary_large_image\" \/>\n<meta name=\"twitter:label1\" content=\"Escrito por\" \/>\n\t<meta name=\"twitter:data1\" content=\"Mirely Clavel\" \/>\n<script type=\"application\/ld+json\" class=\"yoast-schema-graph\">{\"@context\":\"https:\/\/schema.org\",\"@graph\":[{\"@type\":\"WebPage\",\"@id\":\"https:\/\/reclutamiento.mil.sv\/?p=2263\",\"url\":\"https:\/\/reclutamiento.mil.sv\/?p=2263\",\"name\":\"Finaliza el segundo Proceso de Reclutamiento 2023 - Direcci\u00f3n General de Reclutamiento y Reserva\",\"isPartOf\":{\"@id\":\"https:\/\/reclutamiento.mil.sv\/#website\"},\"primaryImageOfPage\":{\"@id\":\"https:\/\/reclutamiento.mil.sv\/?p=2263#primaryimage\"},\"image\":{\"@id\":\"https:\/\/reclutamiento.mil.sv\/?p=2263#primaryimage\"},\"thumbnailUrl\":\"https:\/\/reclutamiento.mil.sv\/wp-content\/uploads\/2023\/09\/imagen-5-1.jpg\",\"datePublished\":\"2023-10-11T15:59:34+00:00\",\"dateModified\":\"2024-08-09T18:05:48+00:00\",\"author\":{\"@id\":\"https:\/\/reclutamiento.mil.sv\/#\/schema\/person\/e48c67c5488e12187eaa5dbf58c46a19\"},\"breadcrumb\":{\"@id\":\"https:\/\/reclutamiento.mil.sv\/?p=2263#breadcrumb\"},\"inLanguage\":\"es\",\"potentialAction\":[{\"@type\":\"ReadAction\",\"target\":[\"https:\/\/reclutamiento.mil.sv\/?p=2263\"]}]},{\"@type\":\"ImageObject\",\"inLanguage\":\"es\",\"@id\":\"https:\/\/reclutamiento.mil.sv\/?p=2263#primaryimage\",\"url\":\"https:\/\/reclutamiento.mil.sv\/wp-content\/uploads\/2023\/09\/imagen-5-1.jpg\",\"contentUrl\":\"https:\/\/reclutamiento.mil.sv\/wp-content\/uploads\/2023\/09\/imagen-5-1.jpg\",\"width\":1646,\"height\":1646},{\"@type\":\"BreadcrumbList\",\"@id\":\"https:\/\/reclutamiento.mil.sv\/?p=2263#breadcrumb\",\"itemListElement\":[{\"@type\":\"ListItem\",\"position\":1,\"name\":\"Inicio\",\"item\":\"https:\/\/reclutamiento.mil.sv\/\"},{\"@type\":\"ListItem\",\"position\":2,\"name\":\"Noticias\",\"item\":\"https:\/\/reclutamiento.mil.sv\/?cat=3\"},{\"@type\":\"ListItem\",\"position\":3,\"name\":\"Finaliza el segundo Proceso de Reclutamiento 2023\"}]},{\"@type\":\"WebSite\",\"@id\":\"https:\/\/reclutamiento.mil.sv\/#website\",\"url\":\"https:\/\/reclutamiento.mil.sv\/\",\"name\":\"Direcci\u00f3n General de Reclutamiento y Reserva\",\"description\":\"DGRR\",\"potentialAction\":[{\"@type\":\"SearchAction\",\"target\":{\"@type\":\"EntryPoint\",\"urlTemplate\":\"https:\/\/reclutamiento.mil.sv\/?s={search_term_string}\"},\"query-input\":{\"@type\":\"PropertyValueSpecification\",\"valueRequired\":true,\"valueName\":\"search_term_string\"}}],\"inLanguage\":\"es\"},{\"@type\":\"Person\",\"@id\":\"https:\/\/reclutamiento.mil.sv\/#\/schema\/person\/e48c67c5488e12187eaa5dbf58c46a19\",\"name\":\"Mirely Clavel\",\"image\":{\"@type\":\"ImageObject\",\"inLanguage\":\"es\",\"@id\":\"https:\/\/reclutamiento.mil.sv\/#\/schema\/person\/image\/\",\"url\":\"https:\/\/secure.gravatar.com\/avatar\/508295ce6567f38316bce5f8ab7b1040?s=96&d=mm&r=g\",\"contentUrl\":\"https:\/\/secure.gravatar.com\/avatar\/508295ce6567f38316bce5f8ab7b1040?s=96&d=mm&r=g\",\"caption\":\"Mirely Clavel\"},\"sameAs\":[\"https:\/\/reclutamiento.mil.sv\/\"],\"url\":\"https:\/\/reclutamiento.mil.sv\/?author=3\"}]}<\/script>\n<!-- \/ Yoast SEO plugin. -->","yoast_head_json":{"title":"Finaliza el segundo Proceso de Reclutamiento 2023 - Direcci\u00f3n General de Reclutamiento y Reserva","robots":{"index":"index","follow":"follow","max-snippet":"max-snippet:-1","max-image-preview":"max-image-preview:large","max-video-preview":"max-video-preview:-1"},"canonical":"https:\/\/reclutamiento.mil.sv\/?p=2263","og_locale":"es_ES","og_type":"article","og_title":"Finaliza el segundo Proceso de Reclutamiento 2023 - Direcci\u00f3n General de Reclutamiento y Reserva","og_description":"Este 01 de octubre se sumaron a las filas de nuestra prestigiosa Fuerza Armada 1,200 elementos, distribuidos en las diferentes unidades militares de nuestro pa\u00eds, a fin de apoyar a [&hellip;]","og_url":"https:\/\/reclutamiento.mil.sv\/?p=2263","og_site_name":"Direcci\u00f3n General de Reclutamiento y Reserva","article_published_time":"2023-10-11T15:59:34+00:00","article_modified_time":"2024-08-09T18:05:48+00:00","og_image":[{"width":1646,"height":1646,"url":"https:\/\/reclutamiento.mil.sv\/wp-content\/uploads\/2023\/09\/imagen-5-1.jpg","type":"image\/jpeg"}],"author":"Mirely Clavel","twitter_card":"summary_large_image","twitter_misc":{"Escrito por":"Mirely Clavel"},"schema":{"@context":"https:\/\/schema.org","@graph":[{"@type":"WebPage","@id":"https:\/\/reclutamiento.mil.sv\/?p=2263","url":"https:\/\/reclutamiento.mil.sv\/?p=2263","name":"Finaliza el segundo Proceso de Reclutamiento 2023 - Direcci\u00f3n General de Reclutamiento y Reserva","isPartOf":{"@id":"https:\/\/reclutamiento.mil.sv\/#website"},"primaryImageOfPage":{"@id":"https:\/\/reclutamiento.mil.sv\/?p=2263#primaryimage"},"image":{"@id":"https:\/\/reclutamiento.mil.sv\/?p=2263#primaryimage"},"thumbnailUrl":"https:\/\/reclutamiento.mil.sv\/wp-content\/uploads\/2023\/09\/imagen-5-1.jpg","datePublished":"2023-10-11T15:59:34+00:00","dateModified":"2024-08-09T18:05:48+00:00","author":{"@id":"https:\/\/reclutamiento.mil.sv\/#\/schema\/person\/e48c67c5488e12187eaa5dbf58c46a19"},"breadcrumb":{"@id":"https:\/\/reclutamiento.mil.sv\/?p=2263#breadcrumb"},"inLanguage":"es","potentialAction":[{"@type":"ReadAction","target":["https:\/\/reclutamiento.mil.sv\/?p=2263"]}]},{"@type":"ImageObject","inLanguage":"es","@id":"https:\/\/reclutamiento.mil.sv\/?p=2263#primaryimage","url":"https:\/\/reclutamiento.mil.sv\/wp-content\/uploads\/2023\/09\/imagen-5-1.jpg","contentUrl":"https:\/\/reclutamiento.mil.sv\/wp-content\/uploads\/2023\/09\/imagen-5-1.jpg","width":1646,"height":1646},{"@type":"BreadcrumbList","@id":"https:\/\/reclutamiento.mil.sv\/?p=2263#breadcrumb","itemListElement":[{"@type":"ListItem","position":1,"name":"Inicio","item":"https:\/\/reclutamiento.mil.sv\/"},{"@type":"ListItem","position":2,"name":"Noticias","item":"https:\/\/reclutamiento.mil.sv\/?cat=3"},{"@type":"ListItem","position":3,"name":"Finaliza el segundo Proceso de Reclutamiento 2023"}]},{"@type":"WebSite","@id":"https:\/\/reclutamiento.mil.sv\/#website","url":"https:\/\/reclutamiento.mil.sv\/","name":"Direcci\u00f3n General de Reclutamiento y Reserva","description":"DGRR","potentialAction":[{"@type":"SearchAction","target":{"@type":"EntryPoint","urlTemplate":"https:\/\/reclutamiento.mil.sv\/?s={search_term_string}"},"query-input":{"@type":"PropertyValueSpecification","valueRequired":true,"valueName":"search_term_string"}}],"inLanguage":"es"},{"@type":"Person","@id":"https:\/\/reclutamiento.mil.sv\/#\/schema\/person\/e48c67c5488e12187eaa5dbf58c46a19","name":"Mirely Clavel","image":{"@type":"ImageObject","inLanguage":"es","@id":"https:\/\/reclutamiento.mil.sv\/#\/schema\/person\/image\/","url":"https:\/\/secure.gravatar.com\/avatar\/508295ce6567f38316bce5f8ab7b1040?s=96&d=mm&r=g","contentUrl":"https:\/\/secure.gravatar.com\/avatar\/508295ce6567f38316bce5f8ab7b1040?s=96&d=mm&r=g","caption":"Mirely Clavel"},"sameAs":["https:\/\/reclutamiento.mil.sv\/"],"url":"https:\/\/reclutamiento.mil.sv\/?author=3"}]}},"_links":{"self":[{"href":"https:\/\/reclutamiento.mil.sv\/index.php?rest_route=\/wp\/v2\/posts\/2263"}],"collection":[{"href":"https:\/\/reclutamiento.mil.sv\/index.php?rest_route=\/wp\/v2\/posts"}],"about":[{"href":"https:\/\/reclutamiento.mil.sv\/index.php?rest_route=\/wp\/v2\/types\/post"}],"author":[{"embeddable":true,"href":"https:\/\/reclutamiento.mil.sv\/index.php?rest_route=\/wp\/v2\/users\/3"}],"replies":[{"embeddable":true,"href":"https:\/\/reclutamiento.mil.sv\/index.php?rest_route=%2Fwp%2Fv2%2Fcomments&post=2263"}],"version-history":[{"count":5,"href":"https:\/\/reclutamiento.mil.sv\/index.php?rest_route=\/wp\/v2\/posts\/2263\/revisions"}],"predecessor-version":[{"id":2306,"href":"https:\/\/reclutamiento.mil.sv\/index.php?rest_route=\/wp\/v2\/posts\/2263\/revisions\/2306"}],"wp:featuredmedia":[{"embeddable":true,"href":"https:\/\/reclutamiento.mil.sv\/index.php?rest_route=\/wp\/v2\/media\/2324"}],"wp:attachment":[{"href":"https:\/\/reclutamiento.mil.sv\/index.php?rest_route=%2Fwp%2Fv2%2Fmedia&parent=2263"}],"wp:term":[{"taxonomy":"category","embeddable":true,"href":"https:\/\/reclutamiento.mil.sv\/index.php?rest_route=%2Fwp%2Fv2%2Fcategories&post=2263"},{"taxonomy":"post_tag","embeddable":true,"href":"https:\/\/reclutamiento.mil.sv\/index.php?rest_route=%2Fwp%2Fv2%2Ftags&post=2263"}],"curies":[{"name":"wp","href":"https:\/\/api.w.org\/{rel}","templated":true}]}}