{"id":2244,"date":"2023-09-25T16:07:39","date_gmt":"2023-09-25T22:07:39","guid":{"rendered":"https:\/\/reclutamiento.mil.sv\/?p=2244"},"modified":"2024-08-09T12:04:53","modified_gmt":"2024-08-09T18:04:53","slug":"__trashed","status":"publish","type":"post","link":"https:\/\/reclutamiento.mil.sv\/?p=2244","title":{"rendered":"Segundo proceso de Reclutamiento 2023"},"content":{"rendered":"\n<p>En las diferentes unidades militares se realiza el segundo proceso de reclutamiento, para que nuevos j\u00f3venes salvadore\u00f1os se sumen este 01 de octubre a las filas de nuestra prestigiosa Fuerza Armada, inscr\u00edbete solo presentando dos copias de DUI a 150% y dos copias de partida de nacimiento.<\/p>\n\n\n\n<figure class=\"wp-block-gallery has-nested-images columns-default is-cropped wp-block-gallery-1 is-layout-flex wp-block-gallery-is-layout-flex\">\n<figure class=\"wp-block-image size-large\"><img loading=\"lazy\" decoding=\"async\" width=\"1024\" height=\"741\" data-id=\"2256\" src=\"https:\/\/reclutamiento.mil.sv\/wp-content\/uploads\/2023\/09\/thumbnail_PHOTO-2023-08-15-07-59-46-1-1024x741.jpg\" alt=\"\" class=\"wp-image-2256\" srcset=\"https:\/\/reclutamiento.mil.sv\/wp-content\/uploads\/2023\/09\/thumbnail_PHOTO-2023-08-15-07-59-46-1-1024x741.jpg 1024w, https:\/\/reclutamiento.mil.sv\/wp-content\/uploads\/2023\/09\/thumbnail_PHOTO-2023-08-15-07-59-46-1-300x217.jpg 300w, https:\/\/reclutamiento.mil.sv\/wp-content\/uploads\/2023\/09\/thumbnail_PHOTO-2023-08-15-07-59-46-1-768x556.jpg 768w, https:\/\/reclutamiento.mil.sv\/wp-content\/uploads\/2023\/09\/thumbnail_PHOTO-2023-08-15-07-59-46-1.jpg 1209w\" sizes=\"(max-width: 1024px) 100vw, 1024px\" \/><\/figure>\n\n\n\n<figure class=\"wp-block-image size-large\"><img loading=\"lazy\" decoding=\"async\" width=\"1024\" height=\"671\" data-id=\"2248\" src=\"https:\/\/reclutamiento.mil.sv\/wp-content\/uploads\/2023\/09\/PHOTO-2023-08-18-13-54-49-1024x671.jpg\" alt=\"\" class=\"wp-image-2248\" srcset=\"https:\/\/reclutamiento.mil.sv\/wp-content\/uploads\/2023\/09\/PHOTO-2023-08-18-13-54-49-1024x671.jpg 1024w, https:\/\/reclutamiento.mil.sv\/wp-content\/uploads\/2023\/09\/PHOTO-2023-08-18-13-54-49-300x197.jpg 300w, https:\/\/reclutamiento.mil.sv\/wp-content\/uploads\/2023\/09\/PHOTO-2023-08-18-13-54-49-768x504.jpg 768w, https:\/\/reclutamiento.mil.sv\/wp-content\/uploads\/2023\/09\/PHOTO-2023-08-18-13-54-49.jpg 1098w\" sizes=\"(max-width: 1024px) 100vw, 1024px\" \/><\/figure>\n\n\n\n<figure class=\"wp-block-image size-large\"><img loading=\"lazy\" decoding=\"async\" width=\"1024\" height=\"708\" data-id=\"2250\" src=\"https:\/\/reclutamiento.mil.sv\/wp-content\/uploads\/2023\/09\/PHOTO-2023-08-18-13-54-15-1024x708.jpg\" alt=\"\" class=\"wp-image-2250\" srcset=\"https:\/\/reclutamiento.mil.sv\/wp-content\/uploads\/2023\/09\/PHOTO-2023-08-18-13-54-15-1024x708.jpg 1024w, https:\/\/reclutamiento.mil.sv\/wp-content\/uploads\/2023\/09\/PHOTO-2023-08-18-13-54-15-300x207.jpg 300w, https:\/\/reclutamiento.mil.sv\/wp-content\/uploads\/2023\/09\/PHOTO-2023-08-18-13-54-15-768x531.jpg 768w, https:\/\/reclutamiento.mil.sv\/wp-content\/uploads\/2023\/09\/PHOTO-2023-08-18-13-54-15.jpg 1181w\" sizes=\"(max-width: 1024px) 100vw, 1024px\" \/><\/figure>\n\n\n\n<figure class=\"wp-block-image size-large\"><img loading=\"lazy\" decoding=\"async\" width=\"838\" height=\"611\" data-id=\"2253\" src=\"https:\/\/reclutamiento.mil.sv\/wp-content\/uploads\/2023\/09\/PHOTO-2023-08-16-13-42-40.jpg\" alt=\"\" class=\"wp-image-2253\" srcset=\"https:\/\/reclutamiento.mil.sv\/wp-content\/uploads\/2023\/09\/PHOTO-2023-08-16-13-42-40.jpg 838w, https:\/\/reclutamiento.mil.sv\/wp-content\/uploads\/2023\/09\/PHOTO-2023-08-16-13-42-40-300x219.jpg 300w, https:\/\/reclutamiento.mil.sv\/wp-content\/uploads\/2023\/09\/PHOTO-2023-08-16-13-42-40-768x560.jpg 768w\" sizes=\"(max-width: 838px) 100vw, 838px\" \/><\/figure>\n\n\n\n<figure class=\"wp-block-image size-large\"><img loading=\"lazy\" decoding=\"async\" width=\"1024\" height=\"684\" data-id=\"2246\" src=\"https:\/\/reclutamiento.mil.sv\/wp-content\/uploads\/2023\/09\/PHOTO-2023-08-18-13-54-13-1024x684.jpg\" alt=\"\" class=\"wp-image-2246\" srcset=\"https:\/\/reclutamiento.mil.sv\/wp-content\/uploads\/2023\/09\/PHOTO-2023-08-18-13-54-13-1024x684.jpg 1024w, https:\/\/reclutamiento.mil.sv\/wp-content\/uploads\/2023\/09\/PHOTO-2023-08-18-13-54-13-300x200.jpg 300w, https:\/\/reclutamiento.mil.sv\/wp-content\/uploads\/2023\/09\/PHOTO-2023-08-18-13-54-13-768x513.jpg 768w, https:\/\/reclutamiento.mil.sv\/wp-content\/uploads\/2023\/09\/PHOTO-2023-08-18-13-54-13.jpg 1280w\" sizes=\"(max-width: 1024px) 100vw, 1024px\" \/><\/figure>\n<\/figure>\n","protected":false},"excerpt":{"rendered":"<div class=\"parrafos-blancos-letranegra\"><p>En las diferentes unidades militares se realiza el segundo proceso de reclutamiento, para que nuevos j\u00f3venes salvadore\u00f1os se sumen este 01 de octubre a las filas de nuestra prestigiosa Fuerza [&hellip;]<\/p>\n<\/div>","protected":false},"author":3,"featured_media":2323,"comment_status":"open","ping_status":"open","sticky":false,"template":"","format":"standard","meta":{"footnotes":""},"categories":[3],"tags":[],"class_list":["post-2244","post","type-post","status-publish","format-standard","has-post-thumbnail","hentry","category-noticias"],"yoast_head":"<!-- This site is optimized with the Yoast SEO plugin v23.6 - https:\/\/yoast.com\/wordpress\/plugins\/seo\/ -->\n<title>Segundo proceso de Reclutamiento 2023 - Direcci\u00f3n General de Reclutamiento y Reserva<\/title>\n<meta name=\"robots\" content=\"index, follow, max-snippet:-1, max-image-preview:large, max-video-preview:-1\" \/>\n<link rel=\"canonical\" href=\"https:\/\/reclutamiento.mil.sv\/?p=2244\" \/>\n<meta property=\"og:locale\" content=\"es_ES\" \/>\n<meta property=\"og:type\" content=\"article\" \/>\n<meta property=\"og:title\" content=\"Segundo proceso de Reclutamiento 2023 - Direcci\u00f3n General de Reclutamiento y Reserva\" \/>\n<meta property=\"og:description\" content=\"En las diferentes unidades militares se realiza el segundo proceso de reclutamiento, para que nuevos j\u00f3venes salvadore\u00f1os se sumen este 01 de octubre a las filas de nuestra prestigiosa Fuerza [&hellip;]\" \/>\n<meta property=\"og:url\" content=\"https:\/\/reclutamiento.mil.sv\/?p=2244\" \/>\n<meta property=\"og:site_name\" content=\"Direcci\u00f3n General de Reclutamiento y Reserva\" \/>\n<meta property=\"article:published_time\" content=\"2023-09-25T22:07:39+00:00\" \/>\n<meta property=\"article:modified_time\" content=\"2024-08-09T18:04:53+00:00\" \/>\n<meta property=\"og:image\" content=\"https:\/\/reclutamiento.mil.sv\/wp-content\/uploads\/2023\/09\/imagen-4-1.jpg\" \/>\n\t<meta property=\"og:image:width\" content=\"1646\" \/>\n\t<meta property=\"og:image:height\" content=\"1646\" \/>\n\t<meta property=\"og:image:type\" content=\"image\/jpeg\" \/>\n<meta name=\"author\" content=\"Mirely Clavel\" \/>\n<meta name=\"twitter:card\" content=\"summary_large_image\" \/>\n<meta name=\"twitter:label1\" content=\"Escrito por\" \/>\n\t<meta name=\"twitter:data1\" content=\"Mirely Clavel\" \/>\n<script type=\"application\/ld+json\" class=\"yoast-schema-graph\">{\"@context\":\"https:\/\/schema.org\",\"@graph\":[{\"@type\":\"WebPage\",\"@id\":\"https:\/\/reclutamiento.mil.sv\/?p=2244\",\"url\":\"https:\/\/reclutamiento.mil.sv\/?p=2244\",\"name\":\"Segundo proceso de Reclutamiento 2023 - Direcci\u00f3n General de Reclutamiento y Reserva\",\"isPartOf\":{\"@id\":\"https:\/\/reclutamiento.mil.sv\/#website\"},\"primaryImageOfPage\":{\"@id\":\"https:\/\/reclutamiento.mil.sv\/?p=2244#primaryimage\"},\"image\":{\"@id\":\"https:\/\/reclutamiento.mil.sv\/?p=2244#primaryimage\"},\"thumbnailUrl\":\"https:\/\/reclutamiento.mil.sv\/wp-content\/uploads\/2023\/09\/imagen-4-1.jpg\",\"datePublished\":\"2023-09-25T22:07:39+00:00\",\"dateModified\":\"2024-08-09T18:04:53+00:00\",\"author\":{\"@id\":\"https:\/\/reclutamiento.mil.sv\/#\/schema\/person\/e48c67c5488e12187eaa5dbf58c46a19\"},\"breadcrumb\":{\"@id\":\"https:\/\/reclutamiento.mil.sv\/?p=2244#breadcrumb\"},\"inLanguage\":\"es\",\"potentialAction\":[{\"@type\":\"ReadAction\",\"target\":[\"https:\/\/reclutamiento.mil.sv\/?p=2244\"]}]},{\"@type\":\"ImageObject\",\"inLanguage\":\"es\",\"@id\":\"https:\/\/reclutamiento.mil.sv\/?p=2244#primaryimage\",\"url\":\"https:\/\/reclutamiento.mil.sv\/wp-content\/uploads\/2023\/09\/imagen-4-1.jpg\",\"contentUrl\":\"https:\/\/reclutamiento.mil.sv\/wp-content\/uploads\/2023\/09\/imagen-4-1.jpg\",\"width\":1646,\"height\":1646},{\"@type\":\"BreadcrumbList\",\"@id\":\"https:\/\/reclutamiento.mil.sv\/?p=2244#breadcrumb\",\"itemListElement\":[{\"@type\":\"ListItem\",\"position\":1,\"name\":\"Inicio\",\"item\":\"https:\/\/reclutamiento.mil.sv\/\"},{\"@type\":\"ListItem\",\"position\":2,\"name\":\"Noticias\",\"item\":\"https:\/\/reclutamiento.mil.sv\/?cat=3\"},{\"@type\":\"ListItem\",\"position\":3,\"name\":\"Segundo proceso de Reclutamiento 2023\"}]},{\"@type\":\"WebSite\",\"@id\":\"https:\/\/reclutamiento.mil.sv\/#website\",\"url\":\"https:\/\/reclutamiento.mil.sv\/\",\"name\":\"Direcci\u00f3n General de Reclutamiento y Reserva\",\"description\":\"DGRR\",\"potentialAction\":[{\"@type\":\"SearchAction\",\"target\":{\"@type\":\"EntryPoint\",\"urlTemplate\":\"https:\/\/reclutamiento.mil.sv\/?s={search_term_string}\"},\"query-input\":{\"@type\":\"PropertyValueSpecification\",\"valueRequired\":true,\"valueName\":\"search_term_string\"}}],\"inLanguage\":\"es\"},{\"@type\":\"Person\",\"@id\":\"https:\/\/reclutamiento.mil.sv\/#\/schema\/person\/e48c67c5488e12187eaa5dbf58c46a19\",\"name\":\"Mirely Clavel\",\"image\":{\"@type\":\"ImageObject\",\"inLanguage\":\"es\",\"@id\":\"https:\/\/reclutamiento.mil.sv\/#\/schema\/person\/image\/\",\"url\":\"https:\/\/secure.gravatar.com\/avatar\/508295ce6567f38316bce5f8ab7b1040?s=96&d=mm&r=g\",\"contentUrl\":\"https:\/\/secure.gravatar.com\/avatar\/508295ce6567f38316bce5f8ab7b1040?s=96&d=mm&r=g\",\"caption\":\"Mirely Clavel\"},\"sameAs\":[\"https:\/\/reclutamiento.mil.sv\/\"],\"url\":\"https:\/\/reclutamiento.mil.sv\/?author=3\"}]}<\/script>\n<!-- \/ Yoast SEO plugin. -->","yoast_head_json":{"title":"Segundo proceso de Reclutamiento 2023 - Direcci\u00f3n General de Reclutamiento y Reserva","robots":{"index":"index","follow":"follow","max-snippet":"max-snippet:-1","max-image-preview":"max-image-preview:large","max-video-preview":"max-video-preview:-1"},"canonical":"https:\/\/reclutamiento.mil.sv\/?p=2244","og_locale":"es_ES","og_type":"article","og_title":"Segundo proceso de Reclutamiento 2023 - Direcci\u00f3n General de Reclutamiento y Reserva","og_description":"En las diferentes unidades militares se realiza el segundo proceso de reclutamiento, para que nuevos j\u00f3venes salvadore\u00f1os se sumen este 01 de octubre a las filas de nuestra prestigiosa Fuerza [&hellip;]","og_url":"https:\/\/reclutamiento.mil.sv\/?p=2244","og_site_name":"Direcci\u00f3n General de Reclutamiento y Reserva","article_published_time":"2023-09-25T22:07:39+00:00","article_modified_time":"2024-08-09T18:04:53+00:00","og_image":[{"width":1646,"height":1646,"url":"https:\/\/reclutamiento.mil.sv\/wp-content\/uploads\/2023\/09\/imagen-4-1.jpg","type":"image\/jpeg"}],"author":"Mirely Clavel","twitter_card":"summary_large_image","twitter_misc":{"Escrito por":"Mirely Clavel"},"schema":{"@context":"https:\/\/schema.org","@graph":[{"@type":"WebPage","@id":"https:\/\/reclutamiento.mil.sv\/?p=2244","url":"https:\/\/reclutamiento.mil.sv\/?p=2244","name":"Segundo proceso de Reclutamiento 2023 - Direcci\u00f3n General de Reclutamiento y Reserva","isPartOf":{"@id":"https:\/\/reclutamiento.mil.sv\/#website"},"primaryImageOfPage":{"@id":"https:\/\/reclutamiento.mil.sv\/?p=2244#primaryimage"},"image":{"@id":"https:\/\/reclutamiento.mil.sv\/?p=2244#primaryimage"},"thumbnailUrl":"https:\/\/reclutamiento.mil.sv\/wp-content\/uploads\/2023\/09\/imagen-4-1.jpg","datePublished":"2023-09-25T22:07:39+00:00","dateModified":"2024-08-09T18:04:53+00:00","author":{"@id":"https:\/\/reclutamiento.mil.sv\/#\/schema\/person\/e48c67c5488e12187eaa5dbf58c46a19"},"breadcrumb":{"@id":"https:\/\/reclutamiento.mil.sv\/?p=2244#breadcrumb"},"inLanguage":"es","potentialAction":[{"@type":"ReadAction","target":["https:\/\/reclutamiento.mil.sv\/?p=2244"]}]},{"@type":"ImageObject","inLanguage":"es","@id":"https:\/\/reclutamiento.mil.sv\/?p=2244#primaryimage","url":"https:\/\/reclutamiento.mil.sv\/wp-content\/uploads\/2023\/09\/imagen-4-1.jpg","contentUrl":"https:\/\/reclutamiento.mil.sv\/wp-content\/uploads\/2023\/09\/imagen-4-1.jpg","width":1646,"height":1646},{"@type":"BreadcrumbList","@id":"https:\/\/reclutamiento.mil.sv\/?p=2244#breadcrumb","itemListElement":[{"@type":"ListItem","position":1,"name":"Inicio","item":"https:\/\/reclutamiento.mil.sv\/"},{"@type":"ListItem","position":2,"name":"Noticias","item":"https:\/\/reclutamiento.mil.sv\/?cat=3"},{"@type":"ListItem","position":3,"name":"Segundo proceso de Reclutamiento 2023"}]},{"@type":"WebSite","@id":"https:\/\/reclutamiento.mil.sv\/#website","url":"https:\/\/reclutamiento.mil.sv\/","name":"Direcci\u00f3n General de Reclutamiento y Reserva","description":"DGRR","potentialAction":[{"@type":"SearchAction","target":{"@type":"EntryPoint","urlTemplate":"https:\/\/reclutamiento.mil.sv\/?s={search_term_string}"},"query-input":{"@type":"PropertyValueSpecification","valueRequired":true,"valueName":"search_term_string"}}],"inLanguage":"es"},{"@type":"Person","@id":"https:\/\/reclutamiento.mil.sv\/#\/schema\/person\/e48c67c5488e12187eaa5dbf58c46a19","name":"Mirely Clavel","image":{"@type":"ImageObject","inLanguage":"es","@id":"https:\/\/reclutamiento.mil.sv\/#\/schema\/person\/image\/","url":"https:\/\/secure.gravatar.com\/avatar\/508295ce6567f38316bce5f8ab7b1040?s=96&d=mm&r=g","contentUrl":"https:\/\/secure.gravatar.com\/avatar\/508295ce6567f38316bce5f8ab7b1040?s=96&d=mm&r=g","caption":"Mirely Clavel"},"sameAs":["https:\/\/reclutamiento.mil.sv\/"],"url":"https:\/\/reclutamiento.mil.sv\/?author=3"}]}},"_links":{"self":[{"href":"https:\/\/reclutamiento.mil.sv\/index.php?rest_route=\/wp\/v2\/posts\/2244"}],"collection":[{"href":"https:\/\/reclutamiento.mil.sv\/index.php?rest_route=\/wp\/v2\/posts"}],"about":[{"href":"https:\/\/reclutamiento.mil.sv\/index.php?rest_route=\/wp\/v2\/types\/post"}],"author":[{"embeddable":true,"href":"https:\/\/reclutamiento.mil.sv\/index.php?rest_route=\/wp\/v2\/users\/3"}],"replies":[{"embeddable":true,"href":"https:\/\/reclutamiento.mil.sv\/index.php?rest_route=%2Fwp%2Fv2%2Fcomments&post=2244"}],"version-history":[{"count":7,"href":"https:\/\/reclutamiento.mil.sv\/index.php?rest_route=\/wp\/v2\/posts\/2244\/revisions"}],"predecessor-version":[{"id":2298,"href":"https:\/\/reclutamiento.mil.sv\/index.php?rest_route=\/wp\/v2\/posts\/2244\/revisions\/2298"}],"wp:featuredmedia":[{"embeddable":true,"href":"https:\/\/reclutamiento.mil.sv\/index.php?rest_route=\/wp\/v2\/media\/2323"}],"wp:attachment":[{"href":"https:\/\/reclutamiento.mil.sv\/index.php?rest_route=%2Fwp%2Fv2%2Fmedia&parent=2244"}],"wp:term":[{"taxonomy":"category","embeddable":true,"href":"https:\/\/reclutamiento.mil.sv\/index.php?rest_route=%2Fwp%2Fv2%2Fcategories&post=2244"},{"taxonomy":"post_tag","embeddable":true,"href":"https:\/\/reclutamiento.mil.sv\/index.php?rest_route=%2Fwp%2Fv2%2Ftags&post=2244"}],"curies":[{"name":"wp","href":"https:\/\/api.w.org\/{rel}","templated":true}]}}