{"id":2198,"date":"2022-07-01T14:31:00","date_gmt":"2022-07-01T20:31:00","guid":{"rendered":"https:\/\/reclutamiento.mil.sv\/?p=2198"},"modified":"2022-07-01T14:44:08","modified_gmt":"2022-07-01T20:44:08","slug":"continuan-evaluaciones-del-segundo-proceso-de-reclutamiento-del-ano-2022","status":"publish","type":"post","link":"https:\/\/reclutamiento.mil.sv\/?p=2198","title":{"rendered":"Contin\u00faan evaluaciones del segundo proceso de reclutamiento del a\u00f1o 2022"},"content":{"rendered":"\n<p>Se continua realizando evaluaciones al personal masculino y femenino en las diferentes Unidades Militares para que sean incorporados a las filas de nuestra Fuerza Armada el 01AGO022, puede acercarse a la Unidad Militar mas cercana con dos copias de DUI ampliada a 150% y dos copias de cartia de vacunaci\u00f3n de lunes a viernes.<\/p>\n\n\n\n<figure class=\"wp-block-gallery columns-3 is-cropped wp-block-gallery-1 is-layout-flex wp-block-gallery-is-layout-flex\"><ul class=\"blocks-gallery-grid\"><li class=\"blocks-gallery-item\"><figure><img loading=\"lazy\" decoding=\"async\" width=\"1024\" height=\"768\" src=\"https:\/\/reclutamiento.mil.sv\/wp-content\/uploads\/2022\/07\/Evaluaciones-2do-proceso-del-a\u00f1o-2022-1024x768.jpg\" alt=\"\" data-id=\"2202\" data-full-url=\"https:\/\/reclutamiento.mil.sv\/wp-content\/uploads\/2022\/07\/Evaluaciones-2do-proceso-del-a\u00f1o-2022.jpg\" data-link=\"https:\/\/reclutamiento.mil.sv\/?attachment_id=2202\" class=\"wp-image-2202\" srcset=\"https:\/\/reclutamiento.mil.sv\/wp-content\/uploads\/2022\/07\/Evaluaciones-2do-proceso-del-a\u00f1o-2022-1024x768.jpg 1024w, https:\/\/reclutamiento.mil.sv\/wp-content\/uploads\/2022\/07\/Evaluaciones-2do-proceso-del-a\u00f1o-2022-300x225.jpg 300w, https:\/\/reclutamiento.mil.sv\/wp-content\/uploads\/2022\/07\/Evaluaciones-2do-proceso-del-a\u00f1o-2022-768x576.jpg 768w, https:\/\/reclutamiento.mil.sv\/wp-content\/uploads\/2022\/07\/Evaluaciones-2do-proceso-del-a\u00f1o-2022-1536x1151.jpg 1536w, https:\/\/reclutamiento.mil.sv\/wp-content\/uploads\/2022\/07\/Evaluaciones-2do-proceso-del-a\u00f1o-2022.jpg 1605w\" sizes=\"(max-width: 1024px) 100vw, 1024px\" \/><\/figure><\/li><li class=\"blocks-gallery-item\"><figure><img loading=\"lazy\" decoding=\"async\" width=\"1024\" height=\"768\" src=\"https:\/\/reclutamiento.mil.sv\/wp-content\/uploads\/2022\/07\/Evaluaciones-2do-proceso-del-a\u00f1o-2022_2-1024x768.jpg\" alt=\"\" data-id=\"2203\" data-full-url=\"https:\/\/reclutamiento.mil.sv\/wp-content\/uploads\/2022\/07\/Evaluaciones-2do-proceso-del-a\u00f1o-2022_2.jpg\" data-link=\"https:\/\/reclutamiento.mil.sv\/?attachment_id=2203\" class=\"wp-image-2203\" srcset=\"https:\/\/reclutamiento.mil.sv\/wp-content\/uploads\/2022\/07\/Evaluaciones-2do-proceso-del-a\u00f1o-2022_2-1024x768.jpg 1024w, https:\/\/reclutamiento.mil.sv\/wp-content\/uploads\/2022\/07\/Evaluaciones-2do-proceso-del-a\u00f1o-2022_2-300x225.jpg 300w, https:\/\/reclutamiento.mil.sv\/wp-content\/uploads\/2022\/07\/Evaluaciones-2do-proceso-del-a\u00f1o-2022_2-768x576.jpg 768w, https:\/\/reclutamiento.mil.sv\/wp-content\/uploads\/2022\/07\/Evaluaciones-2do-proceso-del-a\u00f1o-2022_2-1536x1151.jpg 1536w, https:\/\/reclutamiento.mil.sv\/wp-content\/uploads\/2022\/07\/Evaluaciones-2do-proceso-del-a\u00f1o-2022_2.jpg 1605w\" sizes=\"(max-width: 1024px) 100vw, 1024px\" \/><\/figure><\/li><li class=\"blocks-gallery-item\"><figure><img loading=\"lazy\" decoding=\"async\" width=\"1024\" height=\"768\" src=\"https:\/\/reclutamiento.mil.sv\/wp-content\/uploads\/2022\/07\/Evaluaciones-2do-proceso-del-a\u00f1o-2022_3-1024x768.jpg\" alt=\"\" data-id=\"2204\" data-full-url=\"https:\/\/reclutamiento.mil.sv\/wp-content\/uploads\/2022\/07\/Evaluaciones-2do-proceso-del-a\u00f1o-2022_3.jpg\" data-link=\"https:\/\/reclutamiento.mil.sv\/?attachment_id=2204\" class=\"wp-image-2204\" srcset=\"https:\/\/reclutamiento.mil.sv\/wp-content\/uploads\/2022\/07\/Evaluaciones-2do-proceso-del-a\u00f1o-2022_3-1024x768.jpg 1024w, https:\/\/reclutamiento.mil.sv\/wp-content\/uploads\/2022\/07\/Evaluaciones-2do-proceso-del-a\u00f1o-2022_3-300x225.jpg 300w, https:\/\/reclutamiento.mil.sv\/wp-content\/uploads\/2022\/07\/Evaluaciones-2do-proceso-del-a\u00f1o-2022_3-768x576.jpg 768w, https:\/\/reclutamiento.mil.sv\/wp-content\/uploads\/2022\/07\/Evaluaciones-2do-proceso-del-a\u00f1o-2022_3-1536x1151.jpg 1536w, https:\/\/reclutamiento.mil.sv\/wp-content\/uploads\/2022\/07\/Evaluaciones-2do-proceso-del-a\u00f1o-2022_3.jpg 1605w\" sizes=\"(max-width: 1024px) 100vw, 1024px\" \/><\/figure><\/li><li class=\"blocks-gallery-item\"><figure><img loading=\"lazy\" decoding=\"async\" width=\"1024\" height=\"768\" src=\"https:\/\/reclutamiento.mil.sv\/wp-content\/uploads\/2022\/07\/Evaluaciones-2do-proceso-del-a\u00f1o-2022_4-1024x768.jpg\" alt=\"\" data-id=\"2205\" data-full-url=\"https:\/\/reclutamiento.mil.sv\/wp-content\/uploads\/2022\/07\/Evaluaciones-2do-proceso-del-a\u00f1o-2022_4.jpg\" data-link=\"https:\/\/reclutamiento.mil.sv\/?attachment_id=2205\" class=\"wp-image-2205\" srcset=\"https:\/\/reclutamiento.mil.sv\/wp-content\/uploads\/2022\/07\/Evaluaciones-2do-proceso-del-a\u00f1o-2022_4-1024x768.jpg 1024w, https:\/\/reclutamiento.mil.sv\/wp-content\/uploads\/2022\/07\/Evaluaciones-2do-proceso-del-a\u00f1o-2022_4-300x225.jpg 300w, https:\/\/reclutamiento.mil.sv\/wp-content\/uploads\/2022\/07\/Evaluaciones-2do-proceso-del-a\u00f1o-2022_4-768x576.jpg 768w, https:\/\/reclutamiento.mil.sv\/wp-content\/uploads\/2022\/07\/Evaluaciones-2do-proceso-del-a\u00f1o-2022_4-1536x1151.jpg 1536w, https:\/\/reclutamiento.mil.sv\/wp-content\/uploads\/2022\/07\/Evaluaciones-2do-proceso-del-a\u00f1o-2022_4.jpg 1605w\" sizes=\"(max-width: 1024px) 100vw, 1024px\" \/><\/figure><\/li><li class=\"blocks-gallery-item\"><figure><img loading=\"lazy\" decoding=\"async\" width=\"735\" height=\"1024\" src=\"https:\/\/reclutamiento.mil.sv\/wp-content\/uploads\/2022\/07\/Evaluaciones-2do-proceso-del-a\u00f1o-2022_5-735x1024.jpg\" alt=\"\" data-id=\"2206\" data-full-url=\"https:\/\/reclutamiento.mil.sv\/wp-content\/uploads\/2022\/07\/Evaluaciones-2do-proceso-del-a\u00f1o-2022_5.jpg\" data-link=\"https:\/\/reclutamiento.mil.sv\/?attachment_id=2206\" class=\"wp-image-2206\" srcset=\"https:\/\/reclutamiento.mil.sv\/wp-content\/uploads\/2022\/07\/Evaluaciones-2do-proceso-del-a\u00f1o-2022_5-735x1024.jpg 735w, https:\/\/reclutamiento.mil.sv\/wp-content\/uploads\/2022\/07\/Evaluaciones-2do-proceso-del-a\u00f1o-2022_5-215x300.jpg 215w, https:\/\/reclutamiento.mil.sv\/wp-content\/uploads\/2022\/07\/Evaluaciones-2do-proceso-del-a\u00f1o-2022_5-768x1069.jpg 768w, https:\/\/reclutamiento.mil.sv\/wp-content\/uploads\/2022\/07\/Evaluaciones-2do-proceso-del-a\u00f1o-2022_5.jpg 864w\" sizes=\"(max-width: 735px) 100vw, 735px\" \/><\/figure><\/li><\/ul><\/figure>\n","protected":false},"excerpt":{"rendered":"<div class=\"parrafos-blancos-letranegra\"><p>Se continua realizando evaluaciones al personal masculino y femenino en las diferentes Unidades Militares para que sean incorporados a las filas de nuestra Fuerza Armada el 01AGO022, puede acercarse a [&hellip;]<\/p>\n<\/div>","protected":false},"author":2,"featured_media":2199,"comment_status":"open","ping_status":"open","sticky":false,"template":"","format":"standard","meta":{"footnotes":""},"categories":[3],"tags":[],"class_list":["post-2198","post","type-post","status-publish","format-standard","has-post-thumbnail","hentry","category-noticias"],"yoast_head":"<!-- This site is optimized with the Yoast SEO plugin v23.6 - https:\/\/yoast.com\/wordpress\/plugins\/seo\/ -->\n<title>Contin\u00faan evaluaciones del segundo proceso de reclutamiento del a\u00f1o 2022 - Direcci\u00f3n General de Reclutamiento y Reserva<\/title>\n<meta name=\"robots\" content=\"index, follow, max-snippet:-1, max-image-preview:large, max-video-preview:-1\" \/>\n<link rel=\"canonical\" href=\"https:\/\/reclutamiento.mil.sv\/?p=2198\" \/>\n<meta property=\"og:locale\" content=\"es_ES\" \/>\n<meta property=\"og:type\" content=\"article\" \/>\n<meta property=\"og:title\" content=\"Contin\u00faan evaluaciones del segundo proceso de reclutamiento del a\u00f1o 2022 - Direcci\u00f3n General de Reclutamiento y Reserva\" \/>\n<meta property=\"og:description\" content=\"Se continua realizando evaluaciones al personal masculino y femenino en las diferentes Unidades Militares para que sean incorporados a las filas de nuestra Fuerza Armada el 01AGO022, puede acercarse a [&hellip;]\" \/>\n<meta property=\"og:url\" content=\"https:\/\/reclutamiento.mil.sv\/?p=2198\" \/>\n<meta property=\"og:site_name\" content=\"Direcci\u00f3n General de Reclutamiento y Reserva\" \/>\n<meta property=\"article:published_time\" content=\"2022-07-01T20:31:00+00:00\" \/>\n<meta property=\"article:modified_time\" content=\"2022-07-01T20:44:08+00:00\" \/>\n<meta property=\"og:image\" content=\"https:\/\/reclutamiento.mil.sv\/wp-content\/uploads\/2022\/07\/Contin\u00faan-evaluaciones-del-segundo-proceso-de-reclutamiento-del-a\u00f1o-2022.jpg\" \/>\n\t<meta property=\"og:image:width\" content=\"1647\" \/>\n\t<meta property=\"og:image:height\" content=\"1647\" \/>\n\t<meta property=\"og:image:type\" content=\"image\/jpeg\" \/>\n<meta name=\"author\" content=\"FuerzaArmada\" \/>\n<meta name=\"twitter:card\" content=\"summary_large_image\" \/>\n<meta name=\"twitter:label1\" content=\"Escrito por\" \/>\n\t<meta name=\"twitter:data1\" content=\"FuerzaArmada\" \/>\n<script type=\"application\/ld+json\" class=\"yoast-schema-graph\">{\"@context\":\"https:\/\/schema.org\",\"@graph\":[{\"@type\":\"WebPage\",\"@id\":\"https:\/\/reclutamiento.mil.sv\/?p=2198\",\"url\":\"https:\/\/reclutamiento.mil.sv\/?p=2198\",\"name\":\"Contin\u00faan evaluaciones del segundo proceso de reclutamiento del a\u00f1o 2022 - Direcci\u00f3n General de Reclutamiento y Reserva\",\"isPartOf\":{\"@id\":\"https:\/\/reclutamiento.mil.sv\/#website\"},\"primaryImageOfPage\":{\"@id\":\"https:\/\/reclutamiento.mil.sv\/?p=2198#primaryimage\"},\"image\":{\"@id\":\"https:\/\/reclutamiento.mil.sv\/?p=2198#primaryimage\"},\"thumbnailUrl\":\"https:\/\/reclutamiento.mil.sv\/wp-content\/uploads\/2022\/07\/Contin\u00faan-evaluaciones-del-segundo-proceso-de-reclutamiento-del-a\u00f1o-2022.jpg\",\"datePublished\":\"2022-07-01T20:31:00+00:00\",\"dateModified\":\"2022-07-01T20:44:08+00:00\",\"author\":{\"@id\":\"https:\/\/reclutamiento.mil.sv\/#\/schema\/person\/e2c9c22f33e772aec6f6095489211ba2\"},\"breadcrumb\":{\"@id\":\"https:\/\/reclutamiento.mil.sv\/?p=2198#breadcrumb\"},\"inLanguage\":\"es\",\"potentialAction\":[{\"@type\":\"ReadAction\",\"target\":[\"https:\/\/reclutamiento.mil.sv\/?p=2198\"]}]},{\"@type\":\"ImageObject\",\"inLanguage\":\"es\",\"@id\":\"https:\/\/reclutamiento.mil.sv\/?p=2198#primaryimage\",\"url\":\"https:\/\/reclutamiento.mil.sv\/wp-content\/uploads\/2022\/07\/Contin\u00faan-evaluaciones-del-segundo-proceso-de-reclutamiento-del-a\u00f1o-2022.jpg\",\"contentUrl\":\"https:\/\/reclutamiento.mil.sv\/wp-content\/uploads\/2022\/07\/Contin\u00faan-evaluaciones-del-segundo-proceso-de-reclutamiento-del-a\u00f1o-2022.jpg\",\"width\":1647,\"height\":1647},{\"@type\":\"BreadcrumbList\",\"@id\":\"https:\/\/reclutamiento.mil.sv\/?p=2198#breadcrumb\",\"itemListElement\":[{\"@type\":\"ListItem\",\"position\":1,\"name\":\"Inicio\",\"item\":\"https:\/\/reclutamiento.mil.sv\/\"},{\"@type\":\"ListItem\",\"position\":2,\"name\":\"Noticias\",\"item\":\"https:\/\/reclutamiento.mil.sv\/?cat=3\"},{\"@type\":\"ListItem\",\"position\":3,\"name\":\"Contin\u00faan evaluaciones del segundo proceso de reclutamiento del a\u00f1o 2022\"}]},{\"@type\":\"WebSite\",\"@id\":\"https:\/\/reclutamiento.mil.sv\/#website\",\"url\":\"https:\/\/reclutamiento.mil.sv\/\",\"name\":\"Direcci\u00f3n General de Reclutamiento y Reserva\",\"description\":\"DGRR\",\"potentialAction\":[{\"@type\":\"SearchAction\",\"target\":{\"@type\":\"EntryPoint\",\"urlTemplate\":\"https:\/\/reclutamiento.mil.sv\/?s={search_term_string}\"},\"query-input\":{\"@type\":\"PropertyValueSpecification\",\"valueRequired\":true,\"valueName\":\"search_term_string\"}}],\"inLanguage\":\"es\"},{\"@type\":\"Person\",\"@id\":\"https:\/\/reclutamiento.mil.sv\/#\/schema\/person\/e2c9c22f33e772aec6f6095489211ba2\",\"name\":\"FuerzaArmada\",\"image\":{\"@type\":\"ImageObject\",\"inLanguage\":\"es\",\"@id\":\"https:\/\/reclutamiento.mil.sv\/#\/schema\/person\/image\/\",\"url\":\"https:\/\/secure.gravatar.com\/avatar\/3700f87289871e0b694c1be1225fe762?s=96&d=mm&r=g\",\"contentUrl\":\"https:\/\/secure.gravatar.com\/avatar\/3700f87289871e0b694c1be1225fe762?s=96&d=mm&r=g\",\"caption\":\"FuerzaArmada\"},\"sameAs\":[\"http:fuerzaarmada.mil.sv\"],\"url\":\"https:\/\/reclutamiento.mil.sv\/?author=2\"}]}<\/script>\n<!-- \/ Yoast SEO plugin. -->","yoast_head_json":{"title":"Contin\u00faan evaluaciones del segundo proceso de reclutamiento del a\u00f1o 2022 - Direcci\u00f3n General de Reclutamiento y Reserva","robots":{"index":"index","follow":"follow","max-snippet":"max-snippet:-1","max-image-preview":"max-image-preview:large","max-video-preview":"max-video-preview:-1"},"canonical":"https:\/\/reclutamiento.mil.sv\/?p=2198","og_locale":"es_ES","og_type":"article","og_title":"Contin\u00faan evaluaciones del segundo proceso de reclutamiento del a\u00f1o 2022 - Direcci\u00f3n General de Reclutamiento y Reserva","og_description":"Se continua realizando evaluaciones al personal masculino y femenino en las diferentes Unidades Militares para que sean incorporados a las filas de nuestra Fuerza Armada el 01AGO022, puede acercarse a [&hellip;]","og_url":"https:\/\/reclutamiento.mil.sv\/?p=2198","og_site_name":"Direcci\u00f3n General de Reclutamiento y Reserva","article_published_time":"2022-07-01T20:31:00+00:00","article_modified_time":"2022-07-01T20:44:08+00:00","og_image":[{"width":1647,"height":1647,"url":"https:\/\/reclutamiento.mil.sv\/wp-content\/uploads\/2022\/07\/Contin\u00faan-evaluaciones-del-segundo-proceso-de-reclutamiento-del-a\u00f1o-2022.jpg","type":"image\/jpeg"}],"author":"FuerzaArmada","twitter_card":"summary_large_image","twitter_misc":{"Escrito por":"FuerzaArmada"},"schema":{"@context":"https:\/\/schema.org","@graph":[{"@type":"WebPage","@id":"https:\/\/reclutamiento.mil.sv\/?p=2198","url":"https:\/\/reclutamiento.mil.sv\/?p=2198","name":"Contin\u00faan evaluaciones del segundo proceso de reclutamiento del a\u00f1o 2022 - Direcci\u00f3n General de Reclutamiento y Reserva","isPartOf":{"@id":"https:\/\/reclutamiento.mil.sv\/#website"},"primaryImageOfPage":{"@id":"https:\/\/reclutamiento.mil.sv\/?p=2198#primaryimage"},"image":{"@id":"https:\/\/reclutamiento.mil.sv\/?p=2198#primaryimage"},"thumbnailUrl":"https:\/\/reclutamiento.mil.sv\/wp-content\/uploads\/2022\/07\/Contin\u00faan-evaluaciones-del-segundo-proceso-de-reclutamiento-del-a\u00f1o-2022.jpg","datePublished":"2022-07-01T20:31:00+00:00","dateModified":"2022-07-01T20:44:08+00:00","author":{"@id":"https:\/\/reclutamiento.mil.sv\/#\/schema\/person\/e2c9c22f33e772aec6f6095489211ba2"},"breadcrumb":{"@id":"https:\/\/reclutamiento.mil.sv\/?p=2198#breadcrumb"},"inLanguage":"es","potentialAction":[{"@type":"ReadAction","target":["https:\/\/reclutamiento.mil.sv\/?p=2198"]}]},{"@type":"ImageObject","inLanguage":"es","@id":"https:\/\/reclutamiento.mil.sv\/?p=2198#primaryimage","url":"https:\/\/reclutamiento.mil.sv\/wp-content\/uploads\/2022\/07\/Contin\u00faan-evaluaciones-del-segundo-proceso-de-reclutamiento-del-a\u00f1o-2022.jpg","contentUrl":"https:\/\/reclutamiento.mil.sv\/wp-content\/uploads\/2022\/07\/Contin\u00faan-evaluaciones-del-segundo-proceso-de-reclutamiento-del-a\u00f1o-2022.jpg","width":1647,"height":1647},{"@type":"BreadcrumbList","@id":"https:\/\/reclutamiento.mil.sv\/?p=2198#breadcrumb","itemListElement":[{"@type":"ListItem","position":1,"name":"Inicio","item":"https:\/\/reclutamiento.mil.sv\/"},{"@type":"ListItem","position":2,"name":"Noticias","item":"https:\/\/reclutamiento.mil.sv\/?cat=3"},{"@type":"ListItem","position":3,"name":"Contin\u00faan evaluaciones del segundo proceso de reclutamiento del a\u00f1o 2022"}]},{"@type":"WebSite","@id":"https:\/\/reclutamiento.mil.sv\/#website","url":"https:\/\/reclutamiento.mil.sv\/","name":"Direcci\u00f3n General de Reclutamiento y Reserva","description":"DGRR","potentialAction":[{"@type":"SearchAction","target":{"@type":"EntryPoint","urlTemplate":"https:\/\/reclutamiento.mil.sv\/?s={search_term_string}"},"query-input":{"@type":"PropertyValueSpecification","valueRequired":true,"valueName":"search_term_string"}}],"inLanguage":"es"},{"@type":"Person","@id":"https:\/\/reclutamiento.mil.sv\/#\/schema\/person\/e2c9c22f33e772aec6f6095489211ba2","name":"FuerzaArmada","image":{"@type":"ImageObject","inLanguage":"es","@id":"https:\/\/reclutamiento.mil.sv\/#\/schema\/person\/image\/","url":"https:\/\/secure.gravatar.com\/avatar\/3700f87289871e0b694c1be1225fe762?s=96&d=mm&r=g","contentUrl":"https:\/\/secure.gravatar.com\/avatar\/3700f87289871e0b694c1be1225fe762?s=96&d=mm&r=g","caption":"FuerzaArmada"},"sameAs":["http:fuerzaarmada.mil.sv"],"url":"https:\/\/reclutamiento.mil.sv\/?author=2"}]}},"_links":{"self":[{"href":"https:\/\/reclutamiento.mil.sv\/index.php?rest_route=\/wp\/v2\/posts\/2198"}],"collection":[{"href":"https:\/\/reclutamiento.mil.sv\/index.php?rest_route=\/wp\/v2\/posts"}],"about":[{"href":"https:\/\/reclutamiento.mil.sv\/index.php?rest_route=\/wp\/v2\/types\/post"}],"author":[{"embeddable":true,"href":"https:\/\/reclutamiento.mil.sv\/index.php?rest_route=\/wp\/v2\/users\/2"}],"replies":[{"embeddable":true,"href":"https:\/\/reclutamiento.mil.sv\/index.php?rest_route=%2Fwp%2Fv2%2Fcomments&post=2198"}],"version-history":[{"count":2,"href":"https:\/\/reclutamiento.mil.sv\/index.php?rest_route=\/wp\/v2\/posts\/2198\/revisions"}],"predecessor-version":[{"id":2207,"href":"https:\/\/reclutamiento.mil.sv\/index.php?rest_route=\/wp\/v2\/posts\/2198\/revisions\/2207"}],"wp:featuredmedia":[{"embeddable":true,"href":"https:\/\/reclutamiento.mil.sv\/index.php?rest_route=\/wp\/v2\/media\/2199"}],"wp:attachment":[{"href":"https:\/\/reclutamiento.mil.sv\/index.php?rest_route=%2Fwp%2Fv2%2Fmedia&parent=2198"}],"wp:term":[{"taxonomy":"category","embeddable":true,"href":"https:\/\/reclutamiento.mil.sv\/index.php?rest_route=%2Fwp%2Fv2%2Fcategories&post=2198"},{"taxonomy":"post_tag","embeddable":true,"href":"https:\/\/reclutamiento.mil.sv\/index.php?rest_route=%2Fwp%2Fv2%2Ftags&post=2198"}],"curies":[{"name":"wp","href":"https:\/\/api.w.org\/{rel}","templated":true}]}}