{"id":2141,"date":"2021-09-30T13:27:23","date_gmt":"2021-09-30T19:27:23","guid":{"rendered":"https:\/\/reclutamiento.mil.sv\/?p=2141"},"modified":"2021-09-30T13:55:45","modified_gmt":"2021-09-30T19:55:45","slug":"se-suman-mas-hombres-y-mujeres-con-valor-y-sacrificio-para-formar-parte-de-nuestra-fuerza-armada","status":"publish","type":"post","link":"https:\/\/reclutamiento.mil.sv\/?p=2141","title":{"rendered":"Se suman mas hombres y mujeres con valor y sacrificio para formar parte de nuestra Fuerza Armada"},"content":{"rendered":"\n<p>Se realiz\u00f3 entrega formal de nuevos hombre y mujeres que ser\u00e1n parte de las filas de nuestra instituci\u00f3n, as\u00ed mismo se realizo entrega de equipamiento y uniformes.<\/p>\n\n\n\n<figure class=\"wp-block-gallery columns-3 is-cropped wp-block-gallery-1 is-layout-flex wp-block-gallery-is-layout-flex\"><ul class=\"blocks-gallery-grid\"><li class=\"blocks-gallery-item\"><figure><img loading=\"lazy\" decoding=\"async\" width=\"1024\" height=\"768\" src=\"https:\/\/reclutamiento.mil.sv\/wp-content\/uploads\/2021\/09\/2021Sep30-Se-suman-mas-hombres-y-mujeres-1024x768.jpg\" alt=\"\" data-id=\"2145\" data-full-url=\"https:\/\/reclutamiento.mil.sv\/wp-content\/uploads\/2021\/09\/2021Sep30-Se-suman-mas-hombres-y-mujeres.jpg\" data-link=\"https:\/\/reclutamiento.mil.sv\/?attachment_id=2145\" class=\"wp-image-2145\" srcset=\"https:\/\/reclutamiento.mil.sv\/wp-content\/uploads\/2021\/09\/2021Sep30-Se-suman-mas-hombres-y-mujeres-1024x768.jpg 1024w, https:\/\/reclutamiento.mil.sv\/wp-content\/uploads\/2021\/09\/2021Sep30-Se-suman-mas-hombres-y-mujeres-300x225.jpg 300w, https:\/\/reclutamiento.mil.sv\/wp-content\/uploads\/2021\/09\/2021Sep30-Se-suman-mas-hombres-y-mujeres-768x576.jpg 768w, https:\/\/reclutamiento.mil.sv\/wp-content\/uploads\/2021\/09\/2021Sep30-Se-suman-mas-hombres-y-mujeres.jpg 1040w\" sizes=\"(max-width: 1024px) 100vw, 1024px\" \/><\/figure><\/li><li class=\"blocks-gallery-item\"><figure><img loading=\"lazy\" decoding=\"async\" width=\"1024\" height=\"768\" src=\"https:\/\/reclutamiento.mil.sv\/wp-content\/uploads\/2021\/09\/2021Sep30-Se-suman-mas-hombres-y-mujeres_2-1024x768.jpg\" alt=\"\" data-id=\"2146\" data-full-url=\"https:\/\/reclutamiento.mil.sv\/wp-content\/uploads\/2021\/09\/2021Sep30-Se-suman-mas-hombres-y-mujeres_2.jpg\" data-link=\"https:\/\/reclutamiento.mil.sv\/?attachment_id=2146\" class=\"wp-image-2146\" srcset=\"https:\/\/reclutamiento.mil.sv\/wp-content\/uploads\/2021\/09\/2021Sep30-Se-suman-mas-hombres-y-mujeres_2-1024x768.jpg 1024w, https:\/\/reclutamiento.mil.sv\/wp-content\/uploads\/2021\/09\/2021Sep30-Se-suman-mas-hombres-y-mujeres_2-300x225.jpg 300w, https:\/\/reclutamiento.mil.sv\/wp-content\/uploads\/2021\/09\/2021Sep30-Se-suman-mas-hombres-y-mujeres_2-768x576.jpg 768w, https:\/\/reclutamiento.mil.sv\/wp-content\/uploads\/2021\/09\/2021Sep30-Se-suman-mas-hombres-y-mujeres_2.jpg 1040w\" sizes=\"(max-width: 1024px) 100vw, 1024px\" \/><\/figure><\/li><li class=\"blocks-gallery-item\"><figure><img loading=\"lazy\" decoding=\"async\" width=\"1024\" height=\"768\" src=\"https:\/\/reclutamiento.mil.sv\/wp-content\/uploads\/2021\/09\/2021Sep30-Se-suman-mas-hombres-y-mujeres_3-1024x768.jpg\" alt=\"\" data-id=\"2147\" data-full-url=\"https:\/\/reclutamiento.mil.sv\/wp-content\/uploads\/2021\/09\/2021Sep30-Se-suman-mas-hombres-y-mujeres_3.jpg\" data-link=\"https:\/\/reclutamiento.mil.sv\/?attachment_id=2147\" class=\"wp-image-2147\" srcset=\"https:\/\/reclutamiento.mil.sv\/wp-content\/uploads\/2021\/09\/2021Sep30-Se-suman-mas-hombres-y-mujeres_3-1024x768.jpg 1024w, https:\/\/reclutamiento.mil.sv\/wp-content\/uploads\/2021\/09\/2021Sep30-Se-suman-mas-hombres-y-mujeres_3-300x225.jpg 300w, https:\/\/reclutamiento.mil.sv\/wp-content\/uploads\/2021\/09\/2021Sep30-Se-suman-mas-hombres-y-mujeres_3-768x576.jpg 768w, https:\/\/reclutamiento.mil.sv\/wp-content\/uploads\/2021\/09\/2021Sep30-Se-suman-mas-hombres-y-mujeres_3.jpg 1040w\" sizes=\"(max-width: 1024px) 100vw, 1024px\" \/><\/figure><\/li><\/ul><\/figure>\n\n\n\n<figure class=\"wp-block-gallery columns-3 is-cropped wp-block-gallery-2 is-layout-flex wp-block-gallery-is-layout-flex\"><ul class=\"blocks-gallery-grid\"><li class=\"blocks-gallery-item\"><figure><img loading=\"lazy\" decoding=\"async\" width=\"1024\" height=\"461\" src=\"https:\/\/reclutamiento.mil.sv\/wp-content\/uploads\/2021\/09\/2021Sep30-Se-suman-mas-hombres-y-mujeres_4-1024x461.jpg\" alt=\"\" data-id=\"2149\" data-full-url=\"https:\/\/reclutamiento.mil.sv\/wp-content\/uploads\/2021\/09\/2021Sep30-Se-suman-mas-hombres-y-mujeres_4.jpg\" data-link=\"https:\/\/reclutamiento.mil.sv\/?attachment_id=2149\" class=\"wp-image-2149\" srcset=\"https:\/\/reclutamiento.mil.sv\/wp-content\/uploads\/2021\/09\/2021Sep30-Se-suman-mas-hombres-y-mujeres_4-1024x461.jpg 1024w, https:\/\/reclutamiento.mil.sv\/wp-content\/uploads\/2021\/09\/2021Sep30-Se-suman-mas-hombres-y-mujeres_4-300x135.jpg 300w, https:\/\/reclutamiento.mil.sv\/wp-content\/uploads\/2021\/09\/2021Sep30-Se-suman-mas-hombres-y-mujeres_4-768x346.jpg 768w, https:\/\/reclutamiento.mil.sv\/wp-content\/uploads\/2021\/09\/2021Sep30-Se-suman-mas-hombres-y-mujeres_4-1536x691.jpg 1536w, https:\/\/reclutamiento.mil.sv\/wp-content\/uploads\/2021\/09\/2021Sep30-Se-suman-mas-hombres-y-mujeres_4.jpg 1600w\" sizes=\"(max-width: 1024px) 100vw, 1024px\" \/><\/figure><\/li><li class=\"blocks-gallery-item\"><figure><img loading=\"lazy\" decoding=\"async\" width=\"1024\" height=\"461\" src=\"https:\/\/reclutamiento.mil.sv\/wp-content\/uploads\/2021\/09\/2021Sep30-Se-suman-mas-hombres-y-mujeres_5-1024x461.jpg\" alt=\"\" data-id=\"2150\" data-full-url=\"https:\/\/reclutamiento.mil.sv\/wp-content\/uploads\/2021\/09\/2021Sep30-Se-suman-mas-hombres-y-mujeres_5.jpg\" data-link=\"https:\/\/reclutamiento.mil.sv\/?attachment_id=2150\" class=\"wp-image-2150\" srcset=\"https:\/\/reclutamiento.mil.sv\/wp-content\/uploads\/2021\/09\/2021Sep30-Se-suman-mas-hombres-y-mujeres_5-1024x461.jpg 1024w, https:\/\/reclutamiento.mil.sv\/wp-content\/uploads\/2021\/09\/2021Sep30-Se-suman-mas-hombres-y-mujeres_5-300x135.jpg 300w, https:\/\/reclutamiento.mil.sv\/wp-content\/uploads\/2021\/09\/2021Sep30-Se-suman-mas-hombres-y-mujeres_5-768x346.jpg 768w, https:\/\/reclutamiento.mil.sv\/wp-content\/uploads\/2021\/09\/2021Sep30-Se-suman-mas-hombres-y-mujeres_5-1536x691.jpg 1536w, https:\/\/reclutamiento.mil.sv\/wp-content\/uploads\/2021\/09\/2021Sep30-Se-suman-mas-hombres-y-mujeres_5.jpg 1600w\" sizes=\"(max-width: 1024px) 100vw, 1024px\" \/><\/figure><\/li><li class=\"blocks-gallery-item\"><figure><img loading=\"lazy\" decoding=\"async\" width=\"1024\" height=\"461\" src=\"https:\/\/reclutamiento.mil.sv\/wp-content\/uploads\/2021\/09\/2021Sep30-Se-suman-mas-hombres-y-mujeres_6-1024x461.jpg\" alt=\"\" data-id=\"2151\" data-full-url=\"https:\/\/reclutamiento.mil.sv\/wp-content\/uploads\/2021\/09\/2021Sep30-Se-suman-mas-hombres-y-mujeres_6.jpg\" data-link=\"https:\/\/reclutamiento.mil.sv\/?attachment_id=2151\" class=\"wp-image-2151\" srcset=\"https:\/\/reclutamiento.mil.sv\/wp-content\/uploads\/2021\/09\/2021Sep30-Se-suman-mas-hombres-y-mujeres_6-1024x461.jpg 1024w, https:\/\/reclutamiento.mil.sv\/wp-content\/uploads\/2021\/09\/2021Sep30-Se-suman-mas-hombres-y-mujeres_6-300x135.jpg 300w, https:\/\/reclutamiento.mil.sv\/wp-content\/uploads\/2021\/09\/2021Sep30-Se-suman-mas-hombres-y-mujeres_6-768x346.jpg 768w, https:\/\/reclutamiento.mil.sv\/wp-content\/uploads\/2021\/09\/2021Sep30-Se-suman-mas-hombres-y-mujeres_6-1536x691.jpg 1536w, https:\/\/reclutamiento.mil.sv\/wp-content\/uploads\/2021\/09\/2021Sep30-Se-suman-mas-hombres-y-mujeres_6.jpg 1600w\" sizes=\"(max-width: 1024px) 100vw, 1024px\" \/><\/figure><\/li><li class=\"blocks-gallery-item\"><figure><img loading=\"lazy\" decoding=\"async\" width=\"640\" height=\"481\" src=\"https:\/\/reclutamiento.mil.sv\/wp-content\/uploads\/2021\/09\/2021Sep30-Se-suman-mas-hombres-y-mujeres_7.jpg\" alt=\"\" data-id=\"2152\" data-full-url=\"https:\/\/reclutamiento.mil.sv\/wp-content\/uploads\/2021\/09\/2021Sep30-Se-suman-mas-hombres-y-mujeres_7.jpg\" data-link=\"https:\/\/reclutamiento.mil.sv\/?attachment_id=2152\" class=\"wp-image-2152\" srcset=\"https:\/\/reclutamiento.mil.sv\/wp-content\/uploads\/2021\/09\/2021Sep30-Se-suman-mas-hombres-y-mujeres_7.jpg 640w, https:\/\/reclutamiento.mil.sv\/wp-content\/uploads\/2021\/09\/2021Sep30-Se-suman-mas-hombres-y-mujeres_7-300x225.jpg 300w\" sizes=\"(max-width: 640px) 100vw, 640px\" \/><\/figure><\/li><\/ul><\/figure>\n\n\n\n<figure class=\"wp-block-gallery columns-3 is-cropped wp-block-gallery-3 is-layout-flex wp-block-gallery-is-layout-flex\"><ul class=\"blocks-gallery-grid\"><li class=\"blocks-gallery-item\"><figure><img loading=\"lazy\" decoding=\"async\" width=\"640\" height=\"481\" src=\"https:\/\/reclutamiento.mil.sv\/wp-content\/uploads\/2021\/09\/2021Sep30-Se-suman-mas-hombres-y-mujeres_8.jpg\" alt=\"\" data-id=\"2154\" data-full-url=\"https:\/\/reclutamiento.mil.sv\/wp-content\/uploads\/2021\/09\/2021Sep30-Se-suman-mas-hombres-y-mujeres_8.jpg\" data-link=\"https:\/\/reclutamiento.mil.sv\/?attachment_id=2154\" class=\"wp-image-2154\" srcset=\"https:\/\/reclutamiento.mil.sv\/wp-content\/uploads\/2021\/09\/2021Sep30-Se-suman-mas-hombres-y-mujeres_8.jpg 640w, https:\/\/reclutamiento.mil.sv\/wp-content\/uploads\/2021\/09\/2021Sep30-Se-suman-mas-hombres-y-mujeres_8-300x225.jpg 300w\" sizes=\"(max-width: 640px) 100vw, 640px\" \/><\/figure><\/li><li class=\"blocks-gallery-item\"><figure><img loading=\"lazy\" decoding=\"async\" width=\"640\" height=\"481\" src=\"https:\/\/reclutamiento.mil.sv\/wp-content\/uploads\/2021\/09\/2021Sep30-Se-suman-mas-hombres-y-mujeres_9.jpg\" alt=\"\" data-id=\"2155\" data-full-url=\"https:\/\/reclutamiento.mil.sv\/wp-content\/uploads\/2021\/09\/2021Sep30-Se-suman-mas-hombres-y-mujeres_9.jpg\" data-link=\"https:\/\/reclutamiento.mil.sv\/?attachment_id=2155\" class=\"wp-image-2155\" srcset=\"https:\/\/reclutamiento.mil.sv\/wp-content\/uploads\/2021\/09\/2021Sep30-Se-suman-mas-hombres-y-mujeres_9.jpg 640w, https:\/\/reclutamiento.mil.sv\/wp-content\/uploads\/2021\/09\/2021Sep30-Se-suman-mas-hombres-y-mujeres_9-300x225.jpg 300w\" sizes=\"(max-width: 640px) 100vw, 640px\" \/><\/figure><\/li><li class=\"blocks-gallery-item\"><figure><img loading=\"lazy\" decoding=\"async\" width=\"640\" height=\"481\" src=\"https:\/\/reclutamiento.mil.sv\/wp-content\/uploads\/2021\/09\/2021Sep30-Se-suman-mas-hombres-y-mujeres_10.jpg\" alt=\"\" data-id=\"2156\" data-full-url=\"https:\/\/reclutamiento.mil.sv\/wp-content\/uploads\/2021\/09\/2021Sep30-Se-suman-mas-hombres-y-mujeres_10.jpg\" data-link=\"https:\/\/reclutamiento.mil.sv\/?attachment_id=2156\" class=\"wp-image-2156\" srcset=\"https:\/\/reclutamiento.mil.sv\/wp-content\/uploads\/2021\/09\/2021Sep30-Se-suman-mas-hombres-y-mujeres_10.jpg 640w, https:\/\/reclutamiento.mil.sv\/wp-content\/uploads\/2021\/09\/2021Sep30-Se-suman-mas-hombres-y-mujeres_10-300x225.jpg 300w\" sizes=\"(max-width: 640px) 100vw, 640px\" \/><\/figure><\/li><\/ul><\/figure>\n","protected":false},"excerpt":{"rendered":"<div class=\"parrafos-blancos-letranegra\"><p>Se realiz\u00f3 entrega formal de nuevos hombre y mujeres que ser\u00e1n parte de las filas de nuestra instituci\u00f3n, as\u00ed mismo se realizo entrega de equipamiento y uniformes.<\/p>\n<\/div>","protected":false},"author":2,"featured_media":2142,"comment_status":"open","ping_status":"open","sticky":false,"template":"","format":"standard","meta":{"footnotes":""},"categories":[3],"tags":[],"class_list":["post-2141","post","type-post","status-publish","format-standard","has-post-thumbnail","hentry","category-noticias"],"yoast_head":"<!-- This site is optimized with the Yoast SEO plugin v23.6 - https:\/\/yoast.com\/wordpress\/plugins\/seo\/ -->\n<title>Se suman mas hombres y mujeres con valor y sacrificio para formar parte de nuestra Fuerza Armada - Direcci\u00f3n General de Reclutamiento y Reserva<\/title>\n<meta name=\"robots\" content=\"index, follow, max-snippet:-1, max-image-preview:large, max-video-preview:-1\" \/>\n<link rel=\"canonical\" href=\"https:\/\/reclutamiento.mil.sv\/?p=2141\" \/>\n<meta property=\"og:locale\" content=\"es_ES\" \/>\n<meta property=\"og:type\" content=\"article\" \/>\n<meta property=\"og:title\" content=\"Se suman mas hombres y mujeres con valor y sacrificio para formar parte de nuestra Fuerza Armada - Direcci\u00f3n General de Reclutamiento y Reserva\" \/>\n<meta property=\"og:description\" content=\"Se realiz\u00f3 entrega formal de nuevos hombre y mujeres que ser\u00e1n parte de las filas de nuestra instituci\u00f3n, as\u00ed mismo se realizo entrega de equipamiento y uniformes.\" \/>\n<meta property=\"og:url\" content=\"https:\/\/reclutamiento.mil.sv\/?p=2141\" \/>\n<meta property=\"og:site_name\" content=\"Direcci\u00f3n General de Reclutamiento y Reserva\" \/>\n<meta property=\"article:published_time\" content=\"2021-09-30T19:27:23+00:00\" \/>\n<meta property=\"article:modified_time\" content=\"2021-09-30T19:55:45+00:00\" \/>\n<meta property=\"og:image\" content=\"https:\/\/reclutamiento.mil.sv\/wp-content\/uploads\/2021\/09\/Se-suman-mas-hombres-y-mujeres-con-valor-y-sacrificio-para-formar-parte-de-nuestra-Fuerza-Armada.jpg\" \/>\n\t<meta property=\"og:image:width\" content=\"1647\" \/>\n\t<meta property=\"og:image:height\" content=\"1647\" \/>\n\t<meta property=\"og:image:type\" content=\"image\/jpeg\" \/>\n<meta name=\"author\" content=\"FuerzaArmada\" \/>\n<meta name=\"twitter:card\" content=\"summary_large_image\" \/>\n<meta name=\"twitter:label1\" content=\"Escrito por\" \/>\n\t<meta name=\"twitter:data1\" content=\"FuerzaArmada\" \/>\n<script type=\"application\/ld+json\" class=\"yoast-schema-graph\">{\"@context\":\"https:\/\/schema.org\",\"@graph\":[{\"@type\":\"WebPage\",\"@id\":\"https:\/\/reclutamiento.mil.sv\/?p=2141\",\"url\":\"https:\/\/reclutamiento.mil.sv\/?p=2141\",\"name\":\"Se suman mas hombres y mujeres con valor y sacrificio para formar parte de nuestra Fuerza Armada - Direcci\u00f3n General de Reclutamiento y Reserva\",\"isPartOf\":{\"@id\":\"https:\/\/reclutamiento.mil.sv\/#website\"},\"primaryImageOfPage\":{\"@id\":\"https:\/\/reclutamiento.mil.sv\/?p=2141#primaryimage\"},\"image\":{\"@id\":\"https:\/\/reclutamiento.mil.sv\/?p=2141#primaryimage\"},\"thumbnailUrl\":\"https:\/\/reclutamiento.mil.sv\/wp-content\/uploads\/2021\/09\/Se-suman-mas-hombres-y-mujeres-con-valor-y-sacrificio-para-formar-parte-de-nuestra-Fuerza-Armada.jpg\",\"datePublished\":\"2021-09-30T19:27:23+00:00\",\"dateModified\":\"2021-09-30T19:55:45+00:00\",\"author\":{\"@id\":\"https:\/\/reclutamiento.mil.sv\/#\/schema\/person\/e2c9c22f33e772aec6f6095489211ba2\"},\"breadcrumb\":{\"@id\":\"https:\/\/reclutamiento.mil.sv\/?p=2141#breadcrumb\"},\"inLanguage\":\"es\",\"potentialAction\":[{\"@type\":\"ReadAction\",\"target\":[\"https:\/\/reclutamiento.mil.sv\/?p=2141\"]}]},{\"@type\":\"ImageObject\",\"inLanguage\":\"es\",\"@id\":\"https:\/\/reclutamiento.mil.sv\/?p=2141#primaryimage\",\"url\":\"https:\/\/reclutamiento.mil.sv\/wp-content\/uploads\/2021\/09\/Se-suman-mas-hombres-y-mujeres-con-valor-y-sacrificio-para-formar-parte-de-nuestra-Fuerza-Armada.jpg\",\"contentUrl\":\"https:\/\/reclutamiento.mil.sv\/wp-content\/uploads\/2021\/09\/Se-suman-mas-hombres-y-mujeres-con-valor-y-sacrificio-para-formar-parte-de-nuestra-Fuerza-Armada.jpg\",\"width\":1647,\"height\":1647},{\"@type\":\"BreadcrumbList\",\"@id\":\"https:\/\/reclutamiento.mil.sv\/?p=2141#breadcrumb\",\"itemListElement\":[{\"@type\":\"ListItem\",\"position\":1,\"name\":\"Inicio\",\"item\":\"https:\/\/reclutamiento.mil.sv\/\"},{\"@type\":\"ListItem\",\"position\":2,\"name\":\"Noticias\",\"item\":\"https:\/\/reclutamiento.mil.sv\/?cat=3\"},{\"@type\":\"ListItem\",\"position\":3,\"name\":\"Se suman mas hombres y mujeres con valor y sacrificio para formar parte de nuestra Fuerza Armada\"}]},{\"@type\":\"WebSite\",\"@id\":\"https:\/\/reclutamiento.mil.sv\/#website\",\"url\":\"https:\/\/reclutamiento.mil.sv\/\",\"name\":\"Direcci\u00f3n General de Reclutamiento y Reserva\",\"description\":\"DGRR\",\"potentialAction\":[{\"@type\":\"SearchAction\",\"target\":{\"@type\":\"EntryPoint\",\"urlTemplate\":\"https:\/\/reclutamiento.mil.sv\/?s={search_term_string}\"},\"query-input\":{\"@type\":\"PropertyValueSpecification\",\"valueRequired\":true,\"valueName\":\"search_term_string\"}}],\"inLanguage\":\"es\"},{\"@type\":\"Person\",\"@id\":\"https:\/\/reclutamiento.mil.sv\/#\/schema\/person\/e2c9c22f33e772aec6f6095489211ba2\",\"name\":\"FuerzaArmada\",\"image\":{\"@type\":\"ImageObject\",\"inLanguage\":\"es\",\"@id\":\"https:\/\/reclutamiento.mil.sv\/#\/schema\/person\/image\/\",\"url\":\"https:\/\/secure.gravatar.com\/avatar\/3700f87289871e0b694c1be1225fe762?s=96&d=mm&r=g\",\"contentUrl\":\"https:\/\/secure.gravatar.com\/avatar\/3700f87289871e0b694c1be1225fe762?s=96&d=mm&r=g\",\"caption\":\"FuerzaArmada\"},\"sameAs\":[\"http:fuerzaarmada.mil.sv\"],\"url\":\"https:\/\/reclutamiento.mil.sv\/?author=2\"}]}<\/script>\n<!-- \/ Yoast SEO plugin. -->","yoast_head_json":{"title":"Se suman mas hombres y mujeres con valor y sacrificio para formar parte de nuestra Fuerza Armada - Direcci\u00f3n General de Reclutamiento y Reserva","robots":{"index":"index","follow":"follow","max-snippet":"max-snippet:-1","max-image-preview":"max-image-preview:large","max-video-preview":"max-video-preview:-1"},"canonical":"https:\/\/reclutamiento.mil.sv\/?p=2141","og_locale":"es_ES","og_type":"article","og_title":"Se suman mas hombres y mujeres con valor y sacrificio para formar parte de nuestra Fuerza Armada - Direcci\u00f3n General de Reclutamiento y Reserva","og_description":"Se realiz\u00f3 entrega formal de nuevos hombre y mujeres que ser\u00e1n parte de las filas de nuestra instituci\u00f3n, as\u00ed mismo se realizo entrega de equipamiento y uniformes.","og_url":"https:\/\/reclutamiento.mil.sv\/?p=2141","og_site_name":"Direcci\u00f3n General de Reclutamiento y Reserva","article_published_time":"2021-09-30T19:27:23+00:00","article_modified_time":"2021-09-30T19:55:45+00:00","og_image":[{"width":1647,"height":1647,"url":"https:\/\/reclutamiento.mil.sv\/wp-content\/uploads\/2021\/09\/Se-suman-mas-hombres-y-mujeres-con-valor-y-sacrificio-para-formar-parte-de-nuestra-Fuerza-Armada.jpg","type":"image\/jpeg"}],"author":"FuerzaArmada","twitter_card":"summary_large_image","twitter_misc":{"Escrito por":"FuerzaArmada"},"schema":{"@context":"https:\/\/schema.org","@graph":[{"@type":"WebPage","@id":"https:\/\/reclutamiento.mil.sv\/?p=2141","url":"https:\/\/reclutamiento.mil.sv\/?p=2141","name":"Se suman mas hombres y mujeres con valor y sacrificio para formar parte de nuestra Fuerza Armada - Direcci\u00f3n General de Reclutamiento y Reserva","isPartOf":{"@id":"https:\/\/reclutamiento.mil.sv\/#website"},"primaryImageOfPage":{"@id":"https:\/\/reclutamiento.mil.sv\/?p=2141#primaryimage"},"image":{"@id":"https:\/\/reclutamiento.mil.sv\/?p=2141#primaryimage"},"thumbnailUrl":"https:\/\/reclutamiento.mil.sv\/wp-content\/uploads\/2021\/09\/Se-suman-mas-hombres-y-mujeres-con-valor-y-sacrificio-para-formar-parte-de-nuestra-Fuerza-Armada.jpg","datePublished":"2021-09-30T19:27:23+00:00","dateModified":"2021-09-30T19:55:45+00:00","author":{"@id":"https:\/\/reclutamiento.mil.sv\/#\/schema\/person\/e2c9c22f33e772aec6f6095489211ba2"},"breadcrumb":{"@id":"https:\/\/reclutamiento.mil.sv\/?p=2141#breadcrumb"},"inLanguage":"es","potentialAction":[{"@type":"ReadAction","target":["https:\/\/reclutamiento.mil.sv\/?p=2141"]}]},{"@type":"ImageObject","inLanguage":"es","@id":"https:\/\/reclutamiento.mil.sv\/?p=2141#primaryimage","url":"https:\/\/reclutamiento.mil.sv\/wp-content\/uploads\/2021\/09\/Se-suman-mas-hombres-y-mujeres-con-valor-y-sacrificio-para-formar-parte-de-nuestra-Fuerza-Armada.jpg","contentUrl":"https:\/\/reclutamiento.mil.sv\/wp-content\/uploads\/2021\/09\/Se-suman-mas-hombres-y-mujeres-con-valor-y-sacrificio-para-formar-parte-de-nuestra-Fuerza-Armada.jpg","width":1647,"height":1647},{"@type":"BreadcrumbList","@id":"https:\/\/reclutamiento.mil.sv\/?p=2141#breadcrumb","itemListElement":[{"@type":"ListItem","position":1,"name":"Inicio","item":"https:\/\/reclutamiento.mil.sv\/"},{"@type":"ListItem","position":2,"name":"Noticias","item":"https:\/\/reclutamiento.mil.sv\/?cat=3"},{"@type":"ListItem","position":3,"name":"Se suman mas hombres y mujeres con valor y sacrificio para formar parte de nuestra Fuerza Armada"}]},{"@type":"WebSite","@id":"https:\/\/reclutamiento.mil.sv\/#website","url":"https:\/\/reclutamiento.mil.sv\/","name":"Direcci\u00f3n General de Reclutamiento y Reserva","description":"DGRR","potentialAction":[{"@type":"SearchAction","target":{"@type":"EntryPoint","urlTemplate":"https:\/\/reclutamiento.mil.sv\/?s={search_term_string}"},"query-input":{"@type":"PropertyValueSpecification","valueRequired":true,"valueName":"search_term_string"}}],"inLanguage":"es"},{"@type":"Person","@id":"https:\/\/reclutamiento.mil.sv\/#\/schema\/person\/e2c9c22f33e772aec6f6095489211ba2","name":"FuerzaArmada","image":{"@type":"ImageObject","inLanguage":"es","@id":"https:\/\/reclutamiento.mil.sv\/#\/schema\/person\/image\/","url":"https:\/\/secure.gravatar.com\/avatar\/3700f87289871e0b694c1be1225fe762?s=96&d=mm&r=g","contentUrl":"https:\/\/secure.gravatar.com\/avatar\/3700f87289871e0b694c1be1225fe762?s=96&d=mm&r=g","caption":"FuerzaArmada"},"sameAs":["http:fuerzaarmada.mil.sv"],"url":"https:\/\/reclutamiento.mil.sv\/?author=2"}]}},"_links":{"self":[{"href":"https:\/\/reclutamiento.mil.sv\/index.php?rest_route=\/wp\/v2\/posts\/2141"}],"collection":[{"href":"https:\/\/reclutamiento.mil.sv\/index.php?rest_route=\/wp\/v2\/posts"}],"about":[{"href":"https:\/\/reclutamiento.mil.sv\/index.php?rest_route=\/wp\/v2\/types\/post"}],"author":[{"embeddable":true,"href":"https:\/\/reclutamiento.mil.sv\/index.php?rest_route=\/wp\/v2\/users\/2"}],"replies":[{"embeddable":true,"href":"https:\/\/reclutamiento.mil.sv\/index.php?rest_route=%2Fwp%2Fv2%2Fcomments&post=2141"}],"version-history":[{"count":4,"href":"https:\/\/reclutamiento.mil.sv\/index.php?rest_route=\/wp\/v2\/posts\/2141\/revisions"}],"predecessor-version":[{"id":2157,"href":"https:\/\/reclutamiento.mil.sv\/index.php?rest_route=\/wp\/v2\/posts\/2141\/revisions\/2157"}],"wp:featuredmedia":[{"embeddable":true,"href":"https:\/\/reclutamiento.mil.sv\/index.php?rest_route=\/wp\/v2\/media\/2142"}],"wp:attachment":[{"href":"https:\/\/reclutamiento.mil.sv\/index.php?rest_route=%2Fwp%2Fv2%2Fmedia&parent=2141"}],"wp:term":[{"taxonomy":"category","embeddable":true,"href":"https:\/\/reclutamiento.mil.sv\/index.php?rest_route=%2Fwp%2Fv2%2Fcategories&post=2141"},{"taxonomy":"post_tag","embeddable":true,"href":"https:\/\/reclutamiento.mil.sv\/index.php?rest_route=%2Fwp%2Fv2%2Ftags&post=2141"}],"curies":[{"name":"wp","href":"https:\/\/api.w.org\/{rel}","templated":true}]}}