{"id":1960,"date":"2021-02-17T12:18:47","date_gmt":"2021-02-17T18:18:47","guid":{"rendered":"https:\/\/reclutamiento.mil.sv\/?p=1960"},"modified":"2021-08-11T11:25:54","modified_gmt":"2021-08-11T17:25:54","slug":"da-inicio-el-primer-proceso-de-reclutamiento-del-ano-2021","status":"publish","type":"post","link":"https:\/\/reclutamiento.mil.sv\/?p=1960","title":{"rendered":"Da inicio el primer proceso de reclutamiento del a\u00f1o 2021"},"content":{"rendered":"\n<p>El proceso de reclutamiento dio Inicio el 01FEB021, para que los aspirantes causen alta el 01ABR021 donde finaliza el primer proceso d\u00e1ndole una duraci\u00f3n de dos meses, participan todas las Unidades Militares, todo el personal aspirante deber\u00e1 presentarse a todos los Centros y Oficinas de Reclutamiento desplegado en las diferentes Unidades Militares donde quieran causar alta.<\/p>\n\n\n\n<figure class=\"wp-block-gallery columns-3 is-cropped wp-block-gallery-1 is-layout-flex wp-block-gallery-is-layout-flex\"><ul class=\"blocks-gallery-grid\"><li class=\"blocks-gallery-item\"><figure><img loading=\"lazy\" decoding=\"async\" width=\"1024\" height=\"576\" src=\"https:\/\/reclutamiento.mil.sv\/wp-content\/uploads\/2021\/02\/Reclutamiento_2021-1-1024x576.jpg\" alt=\"\" data-id=\"1962\" data-full-url=\"https:\/\/reclutamiento.mil.sv\/wp-content\/uploads\/2021\/02\/Reclutamiento_2021-1.jpg\" data-link=\"https:\/\/reclutamiento.mil.sv\/?attachment_id=1962\" class=\"wp-image-1962\" srcset=\"https:\/\/reclutamiento.mil.sv\/wp-content\/uploads\/2021\/02\/Reclutamiento_2021-1-1024x576.jpg 1024w, https:\/\/reclutamiento.mil.sv\/wp-content\/uploads\/2021\/02\/Reclutamiento_2021-1-300x169.jpg 300w, https:\/\/reclutamiento.mil.sv\/wp-content\/uploads\/2021\/02\/Reclutamiento_2021-1-768x432.jpg 768w, https:\/\/reclutamiento.mil.sv\/wp-content\/uploads\/2021\/02\/Reclutamiento_2021-1.jpg 1280w\" sizes=\"(max-width: 1024px) 100vw, 1024px\" \/><\/figure><\/li><li class=\"blocks-gallery-item\"><figure><img loading=\"lazy\" decoding=\"async\" width=\"1024\" height=\"768\" src=\"https:\/\/reclutamiento.mil.sv\/wp-content\/uploads\/2021\/02\/Reclutamiento_2021-2-1024x768.jpg\" alt=\"\" data-id=\"1963\" data-full-url=\"https:\/\/reclutamiento.mil.sv\/wp-content\/uploads\/2021\/02\/Reclutamiento_2021-2.jpg\" data-link=\"https:\/\/reclutamiento.mil.sv\/?attachment_id=1963\" class=\"wp-image-1963\" srcset=\"https:\/\/reclutamiento.mil.sv\/wp-content\/uploads\/2021\/02\/Reclutamiento_2021-2-1024x768.jpg 1024w, https:\/\/reclutamiento.mil.sv\/wp-content\/uploads\/2021\/02\/Reclutamiento_2021-2-300x225.jpg 300w, https:\/\/reclutamiento.mil.sv\/wp-content\/uploads\/2021\/02\/Reclutamiento_2021-2-768x576.jpg 768w, https:\/\/reclutamiento.mil.sv\/wp-content\/uploads\/2021\/02\/Reclutamiento_2021-2.jpg 1280w\" sizes=\"(max-width: 1024px) 100vw, 1024px\" \/><\/figure><\/li><li class=\"blocks-gallery-item\"><figure><img loading=\"lazy\" decoding=\"async\" width=\"1024\" height=\"768\" src=\"https:\/\/reclutamiento.mil.sv\/wp-content\/uploads\/2021\/02\/Reclutamiento_2021-3-1024x768.jpg\" alt=\"\" data-id=\"1964\" data-full-url=\"https:\/\/reclutamiento.mil.sv\/wp-content\/uploads\/2021\/02\/Reclutamiento_2021-3.jpg\" data-link=\"https:\/\/reclutamiento.mil.sv\/?attachment_id=1964\" class=\"wp-image-1964\" srcset=\"https:\/\/reclutamiento.mil.sv\/wp-content\/uploads\/2021\/02\/Reclutamiento_2021-3-1024x768.jpg 1024w, https:\/\/reclutamiento.mil.sv\/wp-content\/uploads\/2021\/02\/Reclutamiento_2021-3-300x225.jpg 300w, https:\/\/reclutamiento.mil.sv\/wp-content\/uploads\/2021\/02\/Reclutamiento_2021-3-768x576.jpg 768w, https:\/\/reclutamiento.mil.sv\/wp-content\/uploads\/2021\/02\/Reclutamiento_2021-3.jpg 1040w\" sizes=\"(max-width: 1024px) 100vw, 1024px\" \/><\/figure><\/li><li class=\"blocks-gallery-item\"><figure><img loading=\"lazy\" decoding=\"async\" width=\"1024\" height=\"768\" src=\"https:\/\/reclutamiento.mil.sv\/wp-content\/uploads\/2021\/02\/Reclutamiento_2021-4-1024x768.jpg\" alt=\"\" data-id=\"1965\" data-full-url=\"https:\/\/reclutamiento.mil.sv\/wp-content\/uploads\/2021\/02\/Reclutamiento_2021-4.jpg\" data-link=\"https:\/\/reclutamiento.mil.sv\/?attachment_id=1965\" class=\"wp-image-1965\" srcset=\"https:\/\/reclutamiento.mil.sv\/wp-content\/uploads\/2021\/02\/Reclutamiento_2021-4-1024x768.jpg 1024w, https:\/\/reclutamiento.mil.sv\/wp-content\/uploads\/2021\/02\/Reclutamiento_2021-4-300x225.jpg 300w, https:\/\/reclutamiento.mil.sv\/wp-content\/uploads\/2021\/02\/Reclutamiento_2021-4-768x576.jpg 768w, https:\/\/reclutamiento.mil.sv\/wp-content\/uploads\/2021\/02\/Reclutamiento_2021-4.jpg 1040w\" sizes=\"(max-width: 1024px) 100vw, 1024px\" \/><\/figure><\/li><li class=\"blocks-gallery-item\"><figure><img loading=\"lazy\" decoding=\"async\" width=\"1024\" height=\"768\" src=\"https:\/\/reclutamiento.mil.sv\/wp-content\/uploads\/2021\/02\/Reclutamiento_2021-6-1024x768.jpg\" alt=\"\" data-id=\"1967\" data-full-url=\"https:\/\/reclutamiento.mil.sv\/wp-content\/uploads\/2021\/02\/Reclutamiento_2021-6.jpg\" data-link=\"https:\/\/reclutamiento.mil.sv\/?attachment_id=1967\" class=\"wp-image-1967\" srcset=\"https:\/\/reclutamiento.mil.sv\/wp-content\/uploads\/2021\/02\/Reclutamiento_2021-6-1024x768.jpg 1024w, https:\/\/reclutamiento.mil.sv\/wp-content\/uploads\/2021\/02\/Reclutamiento_2021-6-300x225.jpg 300w, https:\/\/reclutamiento.mil.sv\/wp-content\/uploads\/2021\/02\/Reclutamiento_2021-6-768x576.jpg 768w, https:\/\/reclutamiento.mil.sv\/wp-content\/uploads\/2021\/02\/Reclutamiento_2021-6.jpg 1040w\" sizes=\"(max-width: 1024px) 100vw, 1024px\" \/><\/figure><\/li><li class=\"blocks-gallery-item\"><figure><img loading=\"lazy\" decoding=\"async\" width=\"1024\" height=\"498\" src=\"https:\/\/reclutamiento.mil.sv\/wp-content\/uploads\/2021\/02\/Reclutamiento_2021-7-1024x498.jpg\" alt=\"\" data-id=\"1968\" data-full-url=\"https:\/\/reclutamiento.mil.sv\/wp-content\/uploads\/2021\/02\/Reclutamiento_2021-7.jpg\" data-link=\"https:\/\/reclutamiento.mil.sv\/?attachment_id=1968\" class=\"wp-image-1968\" srcset=\"https:\/\/reclutamiento.mil.sv\/wp-content\/uploads\/2021\/02\/Reclutamiento_2021-7-1024x498.jpg 1024w, https:\/\/reclutamiento.mil.sv\/wp-content\/uploads\/2021\/02\/Reclutamiento_2021-7-300x146.jpg 300w, https:\/\/reclutamiento.mil.sv\/wp-content\/uploads\/2021\/02\/Reclutamiento_2021-7-768x373.jpg 768w, https:\/\/reclutamiento.mil.sv\/wp-content\/uploads\/2021\/02\/Reclutamiento_2021-7.jpg 1280w\" sizes=\"(max-width: 1024px) 100vw, 1024px\" \/><\/figure><\/li><li class=\"blocks-gallery-item\"><figure><img loading=\"lazy\" decoding=\"async\" width=\"1024\" height=\"768\" src=\"https:\/\/reclutamiento.mil.sv\/wp-content\/uploads\/2021\/02\/Reclutamiento_2021-8-1024x768.jpg\" alt=\"\" data-id=\"1969\" data-full-url=\"https:\/\/reclutamiento.mil.sv\/wp-content\/uploads\/2021\/02\/Reclutamiento_2021-8.jpg\" data-link=\"https:\/\/reclutamiento.mil.sv\/?attachment_id=1969\" class=\"wp-image-1969\" srcset=\"https:\/\/reclutamiento.mil.sv\/wp-content\/uploads\/2021\/02\/Reclutamiento_2021-8-1024x768.jpg 1024w, https:\/\/reclutamiento.mil.sv\/wp-content\/uploads\/2021\/02\/Reclutamiento_2021-8-300x225.jpg 300w, https:\/\/reclutamiento.mil.sv\/wp-content\/uploads\/2021\/02\/Reclutamiento_2021-8-768x576.jpg 768w, https:\/\/reclutamiento.mil.sv\/wp-content\/uploads\/2021\/02\/Reclutamiento_2021-8.jpg 1040w\" sizes=\"(max-width: 1024px) 100vw, 1024px\" \/><\/figure><\/li><li class=\"blocks-gallery-item\"><figure><img loading=\"lazy\" decoding=\"async\" width=\"576\" height=\"1024\" src=\"https:\/\/reclutamiento.mil.sv\/wp-content\/uploads\/2021\/02\/Reclutamiento_2021-9-576x1024.jpg\" alt=\"\" data-id=\"1970\" data-full-url=\"https:\/\/reclutamiento.mil.sv\/wp-content\/uploads\/2021\/02\/Reclutamiento_2021-9.jpg\" data-link=\"https:\/\/reclutamiento.mil.sv\/?attachment_id=1970\" class=\"wp-image-1970\" srcset=\"https:\/\/reclutamiento.mil.sv\/wp-content\/uploads\/2021\/02\/Reclutamiento_2021-9-576x1024.jpg 576w, https:\/\/reclutamiento.mil.sv\/wp-content\/uploads\/2021\/02\/Reclutamiento_2021-9-169x300.jpg 169w, https:\/\/reclutamiento.mil.sv\/wp-content\/uploads\/2021\/02\/Reclutamiento_2021-9.jpg 720w\" sizes=\"(max-width: 576px) 100vw, 576px\" \/><\/figure><\/li><li class=\"blocks-gallery-item\"><figure><img loading=\"lazy\" decoding=\"async\" width=\"768\" height=\"1024\" src=\"https:\/\/reclutamiento.mil.sv\/wp-content\/uploads\/2021\/02\/Reclutamiento_2021-10-768x1024.jpg\" alt=\"\" data-id=\"1971\" data-full-url=\"https:\/\/reclutamiento.mil.sv\/wp-content\/uploads\/2021\/02\/Reclutamiento_2021-10.jpg\" data-link=\"https:\/\/reclutamiento.mil.sv\/?attachment_id=1971\" class=\"wp-image-1971\" srcset=\"https:\/\/reclutamiento.mil.sv\/wp-content\/uploads\/2021\/02\/Reclutamiento_2021-10-768x1024.jpg 768w, https:\/\/reclutamiento.mil.sv\/wp-content\/uploads\/2021\/02\/Reclutamiento_2021-10-225x300.jpg 225w, https:\/\/reclutamiento.mil.sv\/wp-content\/uploads\/2021\/02\/Reclutamiento_2021-10.jpg 960w\" sizes=\"(max-width: 768px) 100vw, 768px\" \/><\/figure><\/li><li class=\"blocks-gallery-item\"><figure><img loading=\"lazy\" decoding=\"async\" width=\"768\" height=\"1024\" src=\"https:\/\/reclutamiento.mil.sv\/wp-content\/uploads\/2021\/02\/Reclutamiento_2021-11-768x1024.jpg\" alt=\"\" data-id=\"1972\" data-full-url=\"https:\/\/reclutamiento.mil.sv\/wp-content\/uploads\/2021\/02\/Reclutamiento_2021-11.jpg\" data-link=\"https:\/\/reclutamiento.mil.sv\/?attachment_id=1972\" class=\"wp-image-1972\" srcset=\"https:\/\/reclutamiento.mil.sv\/wp-content\/uploads\/2021\/02\/Reclutamiento_2021-11-768x1024.jpg 768w, https:\/\/reclutamiento.mil.sv\/wp-content\/uploads\/2021\/02\/Reclutamiento_2021-11-225x300.jpg 225w, https:\/\/reclutamiento.mil.sv\/wp-content\/uploads\/2021\/02\/Reclutamiento_2021-11.jpg 960w\" sizes=\"(max-width: 768px) 100vw, 768px\" \/><\/figure><\/li><li class=\"blocks-gallery-item\"><figure><img loading=\"lazy\" decoding=\"async\" width=\"767\" height=\"1024\" src=\"https:\/\/reclutamiento.mil.sv\/wp-content\/uploads\/2021\/02\/Reclutamiento_2021-a-767x1024.jpg\" alt=\"\" data-id=\"1973\" data-full-url=\"https:\/\/reclutamiento.mil.sv\/wp-content\/uploads\/2021\/02\/Reclutamiento_2021-a.jpg\" data-link=\"https:\/\/reclutamiento.mil.sv\/?attachment_id=1973\" class=\"wp-image-1973\" srcset=\"https:\/\/reclutamiento.mil.sv\/wp-content\/uploads\/2021\/02\/Reclutamiento_2021-a-767x1024.jpg 767w, https:\/\/reclutamiento.mil.sv\/wp-content\/uploads\/2021\/02\/Reclutamiento_2021-a-225x300.jpg 225w, https:\/\/reclutamiento.mil.sv\/wp-content\/uploads\/2021\/02\/Reclutamiento_2021-a-768x1025.jpg 768w, https:\/\/reclutamiento.mil.sv\/wp-content\/uploads\/2021\/02\/Reclutamiento_2021-a.jpg 959w\" sizes=\"(max-width: 767px) 100vw, 767px\" \/><\/figure><\/li><li class=\"blocks-gallery-item\"><figure><img loading=\"lazy\" decoding=\"async\" width=\"576\" height=\"1024\" src=\"https:\/\/reclutamiento.mil.sv\/wp-content\/uploads\/2021\/02\/Reclutamiento_2021-a1-576x1024.jpg\" alt=\"\" data-id=\"1974\" data-full-url=\"https:\/\/reclutamiento.mil.sv\/wp-content\/uploads\/2021\/02\/Reclutamiento_2021-a1.jpg\" data-link=\"https:\/\/reclutamiento.mil.sv\/?attachment_id=1974\" class=\"wp-image-1974\" srcset=\"https:\/\/reclutamiento.mil.sv\/wp-content\/uploads\/2021\/02\/Reclutamiento_2021-a1-576x1024.jpg 576w, https:\/\/reclutamiento.mil.sv\/wp-content\/uploads\/2021\/02\/Reclutamiento_2021-a1-169x300.jpg 169w, https:\/\/reclutamiento.mil.sv\/wp-content\/uploads\/2021\/02\/Reclutamiento_2021-a1.jpg 720w\" sizes=\"(max-width: 576px) 100vw, 576px\" \/><\/figure><\/li><li class=\"blocks-gallery-item\"><figure><img loading=\"lazy\" decoding=\"async\" width=\"576\" height=\"1024\" src=\"https:\/\/reclutamiento.mil.sv\/wp-content\/uploads\/2021\/02\/Reclutamiento_2021-a2-576x1024.jpg\" alt=\"\" data-id=\"1975\" data-full-url=\"https:\/\/reclutamiento.mil.sv\/wp-content\/uploads\/2021\/02\/Reclutamiento_2021-a2.jpg\" data-link=\"https:\/\/reclutamiento.mil.sv\/?attachment_id=1975\" class=\"wp-image-1975\" srcset=\"https:\/\/reclutamiento.mil.sv\/wp-content\/uploads\/2021\/02\/Reclutamiento_2021-a2-576x1024.jpg 576w, https:\/\/reclutamiento.mil.sv\/wp-content\/uploads\/2021\/02\/Reclutamiento_2021-a2-169x300.jpg 169w, https:\/\/reclutamiento.mil.sv\/wp-content\/uploads\/2021\/02\/Reclutamiento_2021-a2.jpg 720w\" sizes=\"(max-width: 576px) 100vw, 576px\" \/><\/figure><\/li><li class=\"blocks-gallery-item\"><figure><img loading=\"lazy\" decoding=\"async\" width=\"576\" height=\"1024\" src=\"https:\/\/reclutamiento.mil.sv\/wp-content\/uploads\/2021\/02\/Reclutamiento_2021-a3-576x1024.jpg\" alt=\"\" data-id=\"1976\" data-full-url=\"https:\/\/reclutamiento.mil.sv\/wp-content\/uploads\/2021\/02\/Reclutamiento_2021-a3.jpg\" data-link=\"https:\/\/reclutamiento.mil.sv\/?attachment_id=1976\" class=\"wp-image-1976\" srcset=\"https:\/\/reclutamiento.mil.sv\/wp-content\/uploads\/2021\/02\/Reclutamiento_2021-a3-576x1024.jpg 576w, https:\/\/reclutamiento.mil.sv\/wp-content\/uploads\/2021\/02\/Reclutamiento_2021-a3-169x300.jpg 169w, https:\/\/reclutamiento.mil.sv\/wp-content\/uploads\/2021\/02\/Reclutamiento_2021-a3.jpg 720w\" sizes=\"(max-width: 576px) 100vw, 576px\" \/><\/figure><\/li><li class=\"blocks-gallery-item\"><figure><img loading=\"lazy\" decoding=\"async\" width=\"768\" height=\"1024\" src=\"https:\/\/reclutamiento.mil.sv\/wp-content\/uploads\/2021\/02\/Reclutamiento_2021-a4-768x1024.jpg\" alt=\"\" data-id=\"1977\" data-full-url=\"https:\/\/reclutamiento.mil.sv\/wp-content\/uploads\/2021\/02\/Reclutamiento_2021-a4.jpg\" data-link=\"https:\/\/reclutamiento.mil.sv\/?attachment_id=1977\" class=\"wp-image-1977\" srcset=\"https:\/\/reclutamiento.mil.sv\/wp-content\/uploads\/2021\/02\/Reclutamiento_2021-a4-768x1024.jpg 768w, https:\/\/reclutamiento.mil.sv\/wp-content\/uploads\/2021\/02\/Reclutamiento_2021-a4-225x300.jpg 225w, https:\/\/reclutamiento.mil.sv\/wp-content\/uploads\/2021\/02\/Reclutamiento_2021-a4.jpg 960w\" sizes=\"(max-width: 768px) 100vw, 768px\" \/><\/figure><\/li><\/ul><\/figure>\n","protected":false},"excerpt":{"rendered":"<div class=\"parrafos-blancos-letranegra\"><p>El proceso de reclutamiento dio Inicio el 01FEB021, para que los aspirantes causen alta el 01ABR021 donde finaliza el primer proceso d\u00e1ndole una duraci\u00f3n de dos meses, participan todas las [&hellip;]<\/p>\n<\/div>","protected":false},"author":2,"featured_media":2083,"comment_status":"open","ping_status":"open","sticky":false,"template":"","format":"standard","meta":{"footnotes":""},"categories":[3],"tags":[],"class_list":["post-1960","post","type-post","status-publish","format-standard","has-post-thumbnail","hentry","category-noticias"],"yoast_head":"<!-- This site is optimized with the Yoast SEO plugin v23.6 - https:\/\/yoast.com\/wordpress\/plugins\/seo\/ -->\n<title>Da inicio el primer proceso de reclutamiento del a\u00f1o 2021 - Direcci\u00f3n General de Reclutamiento y Reserva<\/title>\n<meta name=\"robots\" content=\"index, follow, max-snippet:-1, max-image-preview:large, max-video-preview:-1\" \/>\n<link rel=\"canonical\" href=\"https:\/\/reclutamiento.mil.sv\/?p=1960\" \/>\n<meta property=\"og:locale\" content=\"es_ES\" \/>\n<meta property=\"og:type\" content=\"article\" \/>\n<meta property=\"og:title\" content=\"Da inicio el primer proceso de reclutamiento del a\u00f1o 2021 - Direcci\u00f3n General de Reclutamiento y Reserva\" \/>\n<meta property=\"og:description\" content=\"El proceso de reclutamiento dio Inicio el 01FEB021, para que los aspirantes causen alta el 01ABR021 donde finaliza el primer proceso d\u00e1ndole una duraci\u00f3n de dos meses, participan todas las [&hellip;]\" \/>\n<meta property=\"og:url\" content=\"https:\/\/reclutamiento.mil.sv\/?p=1960\" \/>\n<meta property=\"og:site_name\" content=\"Direcci\u00f3n General de Reclutamiento y Reserva\" \/>\n<meta property=\"article:published_time\" content=\"2021-02-17T18:18:47+00:00\" \/>\n<meta property=\"article:modified_time\" content=\"2021-08-11T17:25:54+00:00\" \/>\n<meta property=\"og:image\" content=\"https:\/\/reclutamiento.mil.sv\/wp-content\/uploads\/2021\/02\/Inicia-proceso-de-reclutamiento-del-a\u00f1o-2021.jpg\" \/>\n\t<meta property=\"og:image:width\" content=\"1647\" \/>\n\t<meta property=\"og:image:height\" content=\"1647\" \/>\n\t<meta property=\"og:image:type\" content=\"image\/jpeg\" \/>\n<meta name=\"author\" content=\"FuerzaArmada\" \/>\n<meta name=\"twitter:card\" content=\"summary_large_image\" \/>\n<meta name=\"twitter:label1\" content=\"Escrito por\" \/>\n\t<meta name=\"twitter:data1\" content=\"FuerzaArmada\" \/>\n<script type=\"application\/ld+json\" class=\"yoast-schema-graph\">{\"@context\":\"https:\/\/schema.org\",\"@graph\":[{\"@type\":\"WebPage\",\"@id\":\"https:\/\/reclutamiento.mil.sv\/?p=1960\",\"url\":\"https:\/\/reclutamiento.mil.sv\/?p=1960\",\"name\":\"Da inicio el primer proceso de reclutamiento del a\u00f1o 2021 - Direcci\u00f3n General de Reclutamiento y Reserva\",\"isPartOf\":{\"@id\":\"https:\/\/reclutamiento.mil.sv\/#website\"},\"primaryImageOfPage\":{\"@id\":\"https:\/\/reclutamiento.mil.sv\/?p=1960#primaryimage\"},\"image\":{\"@id\":\"https:\/\/reclutamiento.mil.sv\/?p=1960#primaryimage\"},\"thumbnailUrl\":\"https:\/\/reclutamiento.mil.sv\/wp-content\/uploads\/2021\/02\/Inicia-proceso-de-reclutamiento-del-a\u00f1o-2021.jpg\",\"datePublished\":\"2021-02-17T18:18:47+00:00\",\"dateModified\":\"2021-08-11T17:25:54+00:00\",\"author\":{\"@id\":\"https:\/\/reclutamiento.mil.sv\/#\/schema\/person\/e2c9c22f33e772aec6f6095489211ba2\"},\"breadcrumb\":{\"@id\":\"https:\/\/reclutamiento.mil.sv\/?p=1960#breadcrumb\"},\"inLanguage\":\"es\",\"potentialAction\":[{\"@type\":\"ReadAction\",\"target\":[\"https:\/\/reclutamiento.mil.sv\/?p=1960\"]}]},{\"@type\":\"ImageObject\",\"inLanguage\":\"es\",\"@id\":\"https:\/\/reclutamiento.mil.sv\/?p=1960#primaryimage\",\"url\":\"https:\/\/reclutamiento.mil.sv\/wp-content\/uploads\/2021\/02\/Inicia-proceso-de-reclutamiento-del-a\u00f1o-2021.jpg\",\"contentUrl\":\"https:\/\/reclutamiento.mil.sv\/wp-content\/uploads\/2021\/02\/Inicia-proceso-de-reclutamiento-del-a\u00f1o-2021.jpg\",\"width\":1647,\"height\":1647},{\"@type\":\"BreadcrumbList\",\"@id\":\"https:\/\/reclutamiento.mil.sv\/?p=1960#breadcrumb\",\"itemListElement\":[{\"@type\":\"ListItem\",\"position\":1,\"name\":\"Inicio\",\"item\":\"https:\/\/reclutamiento.mil.sv\/\"},{\"@type\":\"ListItem\",\"position\":2,\"name\":\"Noticias\",\"item\":\"https:\/\/reclutamiento.mil.sv\/?cat=3\"},{\"@type\":\"ListItem\",\"position\":3,\"name\":\"Da inicio el primer proceso de reclutamiento del a\u00f1o 2021\"}]},{\"@type\":\"WebSite\",\"@id\":\"https:\/\/reclutamiento.mil.sv\/#website\",\"url\":\"https:\/\/reclutamiento.mil.sv\/\",\"name\":\"Direcci\u00f3n General de Reclutamiento y Reserva\",\"description\":\"DGRR\",\"potentialAction\":[{\"@type\":\"SearchAction\",\"target\":{\"@type\":\"EntryPoint\",\"urlTemplate\":\"https:\/\/reclutamiento.mil.sv\/?s={search_term_string}\"},\"query-input\":{\"@type\":\"PropertyValueSpecification\",\"valueRequired\":true,\"valueName\":\"search_term_string\"}}],\"inLanguage\":\"es\"},{\"@type\":\"Person\",\"@id\":\"https:\/\/reclutamiento.mil.sv\/#\/schema\/person\/e2c9c22f33e772aec6f6095489211ba2\",\"name\":\"FuerzaArmada\",\"image\":{\"@type\":\"ImageObject\",\"inLanguage\":\"es\",\"@id\":\"https:\/\/reclutamiento.mil.sv\/#\/schema\/person\/image\/\",\"url\":\"https:\/\/secure.gravatar.com\/avatar\/3700f87289871e0b694c1be1225fe762?s=96&d=mm&r=g\",\"contentUrl\":\"https:\/\/secure.gravatar.com\/avatar\/3700f87289871e0b694c1be1225fe762?s=96&d=mm&r=g\",\"caption\":\"FuerzaArmada\"},\"sameAs\":[\"http:fuerzaarmada.mil.sv\"],\"url\":\"https:\/\/reclutamiento.mil.sv\/?author=2\"}]}<\/script>\n<!-- \/ Yoast SEO plugin. -->","yoast_head_json":{"title":"Da inicio el primer proceso de reclutamiento del a\u00f1o 2021 - Direcci\u00f3n General de Reclutamiento y Reserva","robots":{"index":"index","follow":"follow","max-snippet":"max-snippet:-1","max-image-preview":"max-image-preview:large","max-video-preview":"max-video-preview:-1"},"canonical":"https:\/\/reclutamiento.mil.sv\/?p=1960","og_locale":"es_ES","og_type":"article","og_title":"Da inicio el primer proceso de reclutamiento del a\u00f1o 2021 - Direcci\u00f3n General de Reclutamiento y Reserva","og_description":"El proceso de reclutamiento dio Inicio el 01FEB021, para que los aspirantes causen alta el 01ABR021 donde finaliza el primer proceso d\u00e1ndole una duraci\u00f3n de dos meses, participan todas las [&hellip;]","og_url":"https:\/\/reclutamiento.mil.sv\/?p=1960","og_site_name":"Direcci\u00f3n General de Reclutamiento y Reserva","article_published_time":"2021-02-17T18:18:47+00:00","article_modified_time":"2021-08-11T17:25:54+00:00","og_image":[{"width":1647,"height":1647,"url":"https:\/\/reclutamiento.mil.sv\/wp-content\/uploads\/2021\/02\/Inicia-proceso-de-reclutamiento-del-a\u00f1o-2021.jpg","type":"image\/jpeg"}],"author":"FuerzaArmada","twitter_card":"summary_large_image","twitter_misc":{"Escrito por":"FuerzaArmada"},"schema":{"@context":"https:\/\/schema.org","@graph":[{"@type":"WebPage","@id":"https:\/\/reclutamiento.mil.sv\/?p=1960","url":"https:\/\/reclutamiento.mil.sv\/?p=1960","name":"Da inicio el primer proceso de reclutamiento del a\u00f1o 2021 - Direcci\u00f3n General de Reclutamiento y Reserva","isPartOf":{"@id":"https:\/\/reclutamiento.mil.sv\/#website"},"primaryImageOfPage":{"@id":"https:\/\/reclutamiento.mil.sv\/?p=1960#primaryimage"},"image":{"@id":"https:\/\/reclutamiento.mil.sv\/?p=1960#primaryimage"},"thumbnailUrl":"https:\/\/reclutamiento.mil.sv\/wp-content\/uploads\/2021\/02\/Inicia-proceso-de-reclutamiento-del-a\u00f1o-2021.jpg","datePublished":"2021-02-17T18:18:47+00:00","dateModified":"2021-08-11T17:25:54+00:00","author":{"@id":"https:\/\/reclutamiento.mil.sv\/#\/schema\/person\/e2c9c22f33e772aec6f6095489211ba2"},"breadcrumb":{"@id":"https:\/\/reclutamiento.mil.sv\/?p=1960#breadcrumb"},"inLanguage":"es","potentialAction":[{"@type":"ReadAction","target":["https:\/\/reclutamiento.mil.sv\/?p=1960"]}]},{"@type":"ImageObject","inLanguage":"es","@id":"https:\/\/reclutamiento.mil.sv\/?p=1960#primaryimage","url":"https:\/\/reclutamiento.mil.sv\/wp-content\/uploads\/2021\/02\/Inicia-proceso-de-reclutamiento-del-a\u00f1o-2021.jpg","contentUrl":"https:\/\/reclutamiento.mil.sv\/wp-content\/uploads\/2021\/02\/Inicia-proceso-de-reclutamiento-del-a\u00f1o-2021.jpg","width":1647,"height":1647},{"@type":"BreadcrumbList","@id":"https:\/\/reclutamiento.mil.sv\/?p=1960#breadcrumb","itemListElement":[{"@type":"ListItem","position":1,"name":"Inicio","item":"https:\/\/reclutamiento.mil.sv\/"},{"@type":"ListItem","position":2,"name":"Noticias","item":"https:\/\/reclutamiento.mil.sv\/?cat=3"},{"@type":"ListItem","position":3,"name":"Da inicio el primer proceso de reclutamiento del a\u00f1o 2021"}]},{"@type":"WebSite","@id":"https:\/\/reclutamiento.mil.sv\/#website","url":"https:\/\/reclutamiento.mil.sv\/","name":"Direcci\u00f3n General de Reclutamiento y Reserva","description":"DGRR","potentialAction":[{"@type":"SearchAction","target":{"@type":"EntryPoint","urlTemplate":"https:\/\/reclutamiento.mil.sv\/?s={search_term_string}"},"query-input":{"@type":"PropertyValueSpecification","valueRequired":true,"valueName":"search_term_string"}}],"inLanguage":"es"},{"@type":"Person","@id":"https:\/\/reclutamiento.mil.sv\/#\/schema\/person\/e2c9c22f33e772aec6f6095489211ba2","name":"FuerzaArmada","image":{"@type":"ImageObject","inLanguage":"es","@id":"https:\/\/reclutamiento.mil.sv\/#\/schema\/person\/image\/","url":"https:\/\/secure.gravatar.com\/avatar\/3700f87289871e0b694c1be1225fe762?s=96&d=mm&r=g","contentUrl":"https:\/\/secure.gravatar.com\/avatar\/3700f87289871e0b694c1be1225fe762?s=96&d=mm&r=g","caption":"FuerzaArmada"},"sameAs":["http:fuerzaarmada.mil.sv"],"url":"https:\/\/reclutamiento.mil.sv\/?author=2"}]}},"_links":{"self":[{"href":"https:\/\/reclutamiento.mil.sv\/index.php?rest_route=\/wp\/v2\/posts\/1960"}],"collection":[{"href":"https:\/\/reclutamiento.mil.sv\/index.php?rest_route=\/wp\/v2\/posts"}],"about":[{"href":"https:\/\/reclutamiento.mil.sv\/index.php?rest_route=\/wp\/v2\/types\/post"}],"author":[{"embeddable":true,"href":"https:\/\/reclutamiento.mil.sv\/index.php?rest_route=\/wp\/v2\/users\/2"}],"replies":[{"embeddable":true,"href":"https:\/\/reclutamiento.mil.sv\/index.php?rest_route=%2Fwp%2Fv2%2Fcomments&post=1960"}],"version-history":[{"count":3,"href":"https:\/\/reclutamiento.mil.sv\/index.php?rest_route=\/wp\/v2\/posts\/1960\/revisions"}],"predecessor-version":[{"id":2084,"href":"https:\/\/reclutamiento.mil.sv\/index.php?rest_route=\/wp\/v2\/posts\/1960\/revisions\/2084"}],"wp:featuredmedia":[{"embeddable":true,"href":"https:\/\/reclutamiento.mil.sv\/index.php?rest_route=\/wp\/v2\/media\/2083"}],"wp:attachment":[{"href":"https:\/\/reclutamiento.mil.sv\/index.php?rest_route=%2Fwp%2Fv2%2Fmedia&parent=1960"}],"wp:term":[{"taxonomy":"category","embeddable":true,"href":"https:\/\/reclutamiento.mil.sv\/index.php?rest_route=%2Fwp%2Fv2%2Fcategories&post=1960"},{"taxonomy":"post_tag","embeddable":true,"href":"https:\/\/reclutamiento.mil.sv\/index.php?rest_route=%2Fwp%2Fv2%2Ftags&post=1960"}],"curies":[{"name":"wp","href":"https:\/\/api.w.org\/{rel}","templated":true}]}}