{"id":1914,"date":"2020-02-08T14:38:00","date_gmt":"2020-02-08T20:38:00","guid":{"rendered":"https:\/\/reclutamiento.mil.sv\/?p=1914"},"modified":"2021-01-29T15:23:04","modified_gmt":"2021-01-29T21:23:04","slug":"saludos-cnel-alvarenga-flores","status":"publish","type":"post","link":"https:\/\/reclutamiento.mil.sv\/?p=1914","title":{"rendered":"SALUDOS CNEL. ALVARENGA FLORES"},"content":{"rendered":"\n<p>Le damos la m\u00e1s cordial y afectuosa Bienvenida a nuestro sitio web oficial de la Direcci\u00f3n General de Reclutamiento y Reserva, para nosotros es un agrado que sea de su valioso conocimiento la maravillosa historia que refleja el valor, esp\u00edritu de cuerpo, lealtad, y nuestro compromiso por la Patria, lo cual cumplimos con nuestra misi\u00f3n el de \u201cObtener y proporcionar los recursos humanos necesarios para que la Fuerza Armada cumpla su misi\u00f3n constitucional\u201d.<\/p>\n\n\n\n<p>&nbsp;Adem\u00e1s, encontrara una extensa variedad de fotograf\u00edas y videos impresionantes de nuestra labor al promocionar el Servicio Militar y el de mantener el control de la Reserva.<\/p>\n\n\n\n<p>Asimismo la importante rese\u00f1a hist\u00f3rica de esta Unidad de Apoyo Institucional y su evoluci\u00f3n, enmarcada en el cumplimiento de la Ley del Servicio Militar y Reserva de la Fuerza Armada, sustituyendo as\u00ed al Servicio Territorial que anteriormente exist\u00eda en funci\u00f3n del Reclutamiento y control de la Reserva. Su creaci\u00f3n, organizaci\u00f3n y funcionamiento se deriva como parte de los Acuerdos de Paz, que se firmaron en Chapultepec (M\u00e9xico) en 1992.<\/p>\n\n\n\n<p><strong>OBLIGATORIEDAD, UNIVERSALIDAD, EQUIDAD, INDISCRIMINACI\u00d3N.<\/strong><\/p>\n\n\n\n<p><\/p>\n\n\n\n<p class=\"has-text-align-center\"><strong>ALEXANDER ENRIQUE ALVARENGA FLORES<\/strong><\/p>\n\n\n\n<p class=\"has-text-align-center\"><strong>CNEL. TRANS. DEM<\/strong><\/p>\n\n\n\n<p class=\"has-text-align-center\"><strong>DIRECTOR GENERAL DE LA DGRR<\/strong><\/p>\n","protected":false},"excerpt":{"rendered":"<div class=\"parrafos-blancos-letranegra\"><p>Le damos la m\u00e1s cordial y afectuosa Bienvenida a nuestro sitio web oficial de la Direcci\u00f3n General de Reclutamiento y Reserva, para nosotros es un agrado que sea de su [&hellip;]<\/p>\n<\/div>","protected":false},"author":2,"featured_media":1915,"comment_status":"open","ping_status":"open","sticky":false,"template":"","format":"standard","meta":{"footnotes":""},"categories":[1],"tags":[],"class_list":["post-1914","post","type-post","status-publish","format-standard","has-post-thumbnail","hentry","category-sin-categoria"],"yoast_head":"<!-- This site is optimized with the Yoast SEO plugin v23.6 - https:\/\/yoast.com\/wordpress\/plugins\/seo\/ -->\n<title>SALUDOS CNEL. ALVARENGA FLORES - Direcci\u00f3n General de Reclutamiento y Reserva<\/title>\n<meta name=\"robots\" content=\"index, follow, max-snippet:-1, max-image-preview:large, max-video-preview:-1\" \/>\n<link rel=\"canonical\" href=\"https:\/\/reclutamiento.mil.sv\/?p=1914\" \/>\n<meta property=\"og:locale\" content=\"es_ES\" \/>\n<meta property=\"og:type\" content=\"article\" \/>\n<meta property=\"og:title\" content=\"SALUDOS CNEL. ALVARENGA FLORES - Direcci\u00f3n General de Reclutamiento y Reserva\" \/>\n<meta property=\"og:description\" content=\"Le damos la m\u00e1s cordial y afectuosa Bienvenida a nuestro sitio web oficial de la Direcci\u00f3n General de Reclutamiento y Reserva, para nosotros es un agrado que sea de su [&hellip;]\" \/>\n<meta property=\"og:url\" content=\"https:\/\/reclutamiento.mil.sv\/?p=1914\" \/>\n<meta property=\"og:site_name\" content=\"Direcci\u00f3n General de Reclutamiento y Reserva\" \/>\n<meta property=\"article:published_time\" content=\"2020-02-08T20:38:00+00:00\" \/>\n<meta property=\"article:modified_time\" content=\"2021-01-29T21:23:04+00:00\" \/>\n<meta property=\"og:image\" content=\"https:\/\/reclutamiento.mil.sv\/wp-content\/uploads\/2020\/12\/Saludo-del-Sr.-Director-de-la-DGRR-CNEL.-TRANS.-DEM-ALEXANDER-ENRIQUE-ALVARENGA-FLORES.jpg\" \/>\n\t<meta property=\"og:image:width\" content=\"1647\" \/>\n\t<meta property=\"og:image:height\" content=\"1647\" \/>\n\t<meta property=\"og:image:type\" content=\"image\/jpeg\" \/>\n<meta name=\"author\" content=\"FuerzaArmada\" \/>\n<meta name=\"twitter:card\" content=\"summary_large_image\" \/>\n<meta name=\"twitter:label1\" content=\"Escrito por\" \/>\n\t<meta name=\"twitter:data1\" content=\"FuerzaArmada\" \/>\n\t<meta name=\"twitter:label2\" content=\"Tiempo de lectura\" \/>\n\t<meta name=\"twitter:data2\" content=\"1 minuto\" \/>\n<script type=\"application\/ld+json\" class=\"yoast-schema-graph\">{\"@context\":\"https:\/\/schema.org\",\"@graph\":[{\"@type\":\"WebPage\",\"@id\":\"https:\/\/reclutamiento.mil.sv\/?p=1914\",\"url\":\"https:\/\/reclutamiento.mil.sv\/?p=1914\",\"name\":\"SALUDOS CNEL. ALVARENGA FLORES - Direcci\u00f3n General de Reclutamiento y Reserva\",\"isPartOf\":{\"@id\":\"https:\/\/reclutamiento.mil.sv\/#website\"},\"primaryImageOfPage\":{\"@id\":\"https:\/\/reclutamiento.mil.sv\/?p=1914#primaryimage\"},\"image\":{\"@id\":\"https:\/\/reclutamiento.mil.sv\/?p=1914#primaryimage\"},\"thumbnailUrl\":\"https:\/\/reclutamiento.mil.sv\/wp-content\/uploads\/2020\/12\/Saludo-del-Sr.-Director-de-la-DGRR-CNEL.-TRANS.-DEM-ALEXANDER-ENRIQUE-ALVARENGA-FLORES.jpg\",\"datePublished\":\"2020-02-08T20:38:00+00:00\",\"dateModified\":\"2021-01-29T21:23:04+00:00\",\"author\":{\"@id\":\"https:\/\/reclutamiento.mil.sv\/#\/schema\/person\/e2c9c22f33e772aec6f6095489211ba2\"},\"breadcrumb\":{\"@id\":\"https:\/\/reclutamiento.mil.sv\/?p=1914#breadcrumb\"},\"inLanguage\":\"es\",\"potentialAction\":[{\"@type\":\"ReadAction\",\"target\":[\"https:\/\/reclutamiento.mil.sv\/?p=1914\"]}]},{\"@type\":\"ImageObject\",\"inLanguage\":\"es\",\"@id\":\"https:\/\/reclutamiento.mil.sv\/?p=1914#primaryimage\",\"url\":\"https:\/\/reclutamiento.mil.sv\/wp-content\/uploads\/2020\/12\/Saludo-del-Sr.-Director-de-la-DGRR-CNEL.-TRANS.-DEM-ALEXANDER-ENRIQUE-ALVARENGA-FLORES.jpg\",\"contentUrl\":\"https:\/\/reclutamiento.mil.sv\/wp-content\/uploads\/2020\/12\/Saludo-del-Sr.-Director-de-la-DGRR-CNEL.-TRANS.-DEM-ALEXANDER-ENRIQUE-ALVARENGA-FLORES.jpg\",\"width\":1647,\"height\":1647},{\"@type\":\"BreadcrumbList\",\"@id\":\"https:\/\/reclutamiento.mil.sv\/?p=1914#breadcrumb\",\"itemListElement\":[{\"@type\":\"ListItem\",\"position\":1,\"name\":\"Inicio\",\"item\":\"https:\/\/reclutamiento.mil.sv\/\"},{\"@type\":\"ListItem\",\"position\":2,\"name\":\"Avisos\",\"item\":\"https:\/\/reclutamiento.mil.sv\/?cat=2\"},{\"@type\":\"ListItem\",\"position\":3,\"name\":\"SALUDOS CNEL. ALVARENGA FLORES\"}]},{\"@type\":\"WebSite\",\"@id\":\"https:\/\/reclutamiento.mil.sv\/#website\",\"url\":\"https:\/\/reclutamiento.mil.sv\/\",\"name\":\"Direcci\u00f3n General de Reclutamiento y Reserva\",\"description\":\"DGRR\",\"potentialAction\":[{\"@type\":\"SearchAction\",\"target\":{\"@type\":\"EntryPoint\",\"urlTemplate\":\"https:\/\/reclutamiento.mil.sv\/?s={search_term_string}\"},\"query-input\":{\"@type\":\"PropertyValueSpecification\",\"valueRequired\":true,\"valueName\":\"search_term_string\"}}],\"inLanguage\":\"es\"},{\"@type\":\"Person\",\"@id\":\"https:\/\/reclutamiento.mil.sv\/#\/schema\/person\/e2c9c22f33e772aec6f6095489211ba2\",\"name\":\"FuerzaArmada\",\"image\":{\"@type\":\"ImageObject\",\"inLanguage\":\"es\",\"@id\":\"https:\/\/reclutamiento.mil.sv\/#\/schema\/person\/image\/\",\"url\":\"https:\/\/secure.gravatar.com\/avatar\/3700f87289871e0b694c1be1225fe762?s=96&d=mm&r=g\",\"contentUrl\":\"https:\/\/secure.gravatar.com\/avatar\/3700f87289871e0b694c1be1225fe762?s=96&d=mm&r=g\",\"caption\":\"FuerzaArmada\"},\"sameAs\":[\"http:fuerzaarmada.mil.sv\"],\"url\":\"https:\/\/reclutamiento.mil.sv\/?author=2\"}]}<\/script>\n<!-- \/ Yoast SEO plugin. -->","yoast_head_json":{"title":"SALUDOS CNEL. ALVARENGA FLORES - Direcci\u00f3n General de Reclutamiento y Reserva","robots":{"index":"index","follow":"follow","max-snippet":"max-snippet:-1","max-image-preview":"max-image-preview:large","max-video-preview":"max-video-preview:-1"},"canonical":"https:\/\/reclutamiento.mil.sv\/?p=1914","og_locale":"es_ES","og_type":"article","og_title":"SALUDOS CNEL. ALVARENGA FLORES - Direcci\u00f3n General de Reclutamiento y Reserva","og_description":"Le damos la m\u00e1s cordial y afectuosa Bienvenida a nuestro sitio web oficial de la Direcci\u00f3n General de Reclutamiento y Reserva, para nosotros es un agrado que sea de su [&hellip;]","og_url":"https:\/\/reclutamiento.mil.sv\/?p=1914","og_site_name":"Direcci\u00f3n General de Reclutamiento y Reserva","article_published_time":"2020-02-08T20:38:00+00:00","article_modified_time":"2021-01-29T21:23:04+00:00","og_image":[{"width":1647,"height":1647,"url":"https:\/\/reclutamiento.mil.sv\/wp-content\/uploads\/2020\/12\/Saludo-del-Sr.-Director-de-la-DGRR-CNEL.-TRANS.-DEM-ALEXANDER-ENRIQUE-ALVARENGA-FLORES.jpg","type":"image\/jpeg"}],"author":"FuerzaArmada","twitter_card":"summary_large_image","twitter_misc":{"Escrito por":"FuerzaArmada","Tiempo de lectura":"1 minuto"},"schema":{"@context":"https:\/\/schema.org","@graph":[{"@type":"WebPage","@id":"https:\/\/reclutamiento.mil.sv\/?p=1914","url":"https:\/\/reclutamiento.mil.sv\/?p=1914","name":"SALUDOS CNEL. ALVARENGA FLORES - Direcci\u00f3n General de Reclutamiento y Reserva","isPartOf":{"@id":"https:\/\/reclutamiento.mil.sv\/#website"},"primaryImageOfPage":{"@id":"https:\/\/reclutamiento.mil.sv\/?p=1914#primaryimage"},"image":{"@id":"https:\/\/reclutamiento.mil.sv\/?p=1914#primaryimage"},"thumbnailUrl":"https:\/\/reclutamiento.mil.sv\/wp-content\/uploads\/2020\/12\/Saludo-del-Sr.-Director-de-la-DGRR-CNEL.-TRANS.-DEM-ALEXANDER-ENRIQUE-ALVARENGA-FLORES.jpg","datePublished":"2020-02-08T20:38:00+00:00","dateModified":"2021-01-29T21:23:04+00:00","author":{"@id":"https:\/\/reclutamiento.mil.sv\/#\/schema\/person\/e2c9c22f33e772aec6f6095489211ba2"},"breadcrumb":{"@id":"https:\/\/reclutamiento.mil.sv\/?p=1914#breadcrumb"},"inLanguage":"es","potentialAction":[{"@type":"ReadAction","target":["https:\/\/reclutamiento.mil.sv\/?p=1914"]}]},{"@type":"ImageObject","inLanguage":"es","@id":"https:\/\/reclutamiento.mil.sv\/?p=1914#primaryimage","url":"https:\/\/reclutamiento.mil.sv\/wp-content\/uploads\/2020\/12\/Saludo-del-Sr.-Director-de-la-DGRR-CNEL.-TRANS.-DEM-ALEXANDER-ENRIQUE-ALVARENGA-FLORES.jpg","contentUrl":"https:\/\/reclutamiento.mil.sv\/wp-content\/uploads\/2020\/12\/Saludo-del-Sr.-Director-de-la-DGRR-CNEL.-TRANS.-DEM-ALEXANDER-ENRIQUE-ALVARENGA-FLORES.jpg","width":1647,"height":1647},{"@type":"BreadcrumbList","@id":"https:\/\/reclutamiento.mil.sv\/?p=1914#breadcrumb","itemListElement":[{"@type":"ListItem","position":1,"name":"Inicio","item":"https:\/\/reclutamiento.mil.sv\/"},{"@type":"ListItem","position":2,"name":"Avisos","item":"https:\/\/reclutamiento.mil.sv\/?cat=2"},{"@type":"ListItem","position":3,"name":"SALUDOS CNEL. ALVARENGA FLORES"}]},{"@type":"WebSite","@id":"https:\/\/reclutamiento.mil.sv\/#website","url":"https:\/\/reclutamiento.mil.sv\/","name":"Direcci\u00f3n General de Reclutamiento y Reserva","description":"DGRR","potentialAction":[{"@type":"SearchAction","target":{"@type":"EntryPoint","urlTemplate":"https:\/\/reclutamiento.mil.sv\/?s={search_term_string}"},"query-input":{"@type":"PropertyValueSpecification","valueRequired":true,"valueName":"search_term_string"}}],"inLanguage":"es"},{"@type":"Person","@id":"https:\/\/reclutamiento.mil.sv\/#\/schema\/person\/e2c9c22f33e772aec6f6095489211ba2","name":"FuerzaArmada","image":{"@type":"ImageObject","inLanguage":"es","@id":"https:\/\/reclutamiento.mil.sv\/#\/schema\/person\/image\/","url":"https:\/\/secure.gravatar.com\/avatar\/3700f87289871e0b694c1be1225fe762?s=96&d=mm&r=g","contentUrl":"https:\/\/secure.gravatar.com\/avatar\/3700f87289871e0b694c1be1225fe762?s=96&d=mm&r=g","caption":"FuerzaArmada"},"sameAs":["http:fuerzaarmada.mil.sv"],"url":"https:\/\/reclutamiento.mil.sv\/?author=2"}]}},"_links":{"self":[{"href":"https:\/\/reclutamiento.mil.sv\/index.php?rest_route=\/wp\/v2\/posts\/1914"}],"collection":[{"href":"https:\/\/reclutamiento.mil.sv\/index.php?rest_route=\/wp\/v2\/posts"}],"about":[{"href":"https:\/\/reclutamiento.mil.sv\/index.php?rest_route=\/wp\/v2\/types\/post"}],"author":[{"embeddable":true,"href":"https:\/\/reclutamiento.mil.sv\/index.php?rest_route=\/wp\/v2\/users\/2"}],"replies":[{"embeddable":true,"href":"https:\/\/reclutamiento.mil.sv\/index.php?rest_route=%2Fwp%2Fv2%2Fcomments&post=1914"}],"version-history":[{"count":2,"href":"https:\/\/reclutamiento.mil.sv\/index.php?rest_route=\/wp\/v2\/posts\/1914\/revisions"}],"predecessor-version":[{"id":1958,"href":"https:\/\/reclutamiento.mil.sv\/index.php?rest_route=\/wp\/v2\/posts\/1914\/revisions\/1958"}],"wp:featuredmedia":[{"embeddable":true,"href":"https:\/\/reclutamiento.mil.sv\/index.php?rest_route=\/wp\/v2\/media\/1915"}],"wp:attachment":[{"href":"https:\/\/reclutamiento.mil.sv\/index.php?rest_route=%2Fwp%2Fv2%2Fmedia&parent=1914"}],"wp:term":[{"taxonomy":"category","embeddable":true,"href":"https:\/\/reclutamiento.mil.sv\/index.php?rest_route=%2Fwp%2Fv2%2Fcategories&post=1914"},{"taxonomy":"post_tag","embeddable":true,"href":"https:\/\/reclutamiento.mil.sv\/index.php?rest_route=%2Fwp%2Fv2%2Ftags&post=1914"}],"curies":[{"name":"wp","href":"https:\/\/api.w.org\/{rel}","templated":true}]}}