{"id":1860,"date":"2020-05-19T15:01:43","date_gmt":"2020-05-19T21:01:43","guid":{"rendered":"https:\/\/reclutamiento.mil.sv\/?p=1860"},"modified":"2021-08-25T09:48:53","modified_gmt":"2021-08-25T15:48:53","slug":"comando-de-sanidad-militar-comunica","status":"publish","type":"post","link":"https:\/\/reclutamiento.mil.sv\/?p=1860","title":{"rendered":"COMANDO DE SANIDAD MILITAR COMUNICA"},"content":{"rendered":"\n<p>EL COMANDO DE SANIDAD MILITAR ANTE LA EMERGENCIA NACIONAL POR EL AVANCE REGIONAL DEL CORONAVIRUS HACE DEL CONOCIMIENTO DE TODOS SUS DERECHOHABIENTES Y BENEFICIARIOS: Que en nuestros Hospitales Militares se implementaran las siguientes medidas a partir del martes17 de Marzo de 2020:<\/p>\n\n\n\n<ol class=\"wp-block-list\"><li>Se suspende la atenci\u00f3n de consulta externa. A excepci\u00f3n de la consulta externa de las especialidades de: Embarazo de alto riesgo y control normal de la embarazada y Nefrolog\u00eda.<\/li><li>La Programaci\u00f3n de toma de ex\u00e1menes de laboratorio se suspende con excepci\u00f3n delos programados por las especialidades de nefrolog\u00eda, embarazo de alto riesgo y control de la embarazada.<\/li><li>Los derechohabientes y Beneficiarios que posean recetas repetitivas podr\u00e1n llegar el d\u00eda que les corresponda a retirar su medicamento y para la extensi\u00f3n de nueva receta y control subsecuente, para ello, si son adultos mayores o poseen condiciones de riesgo (cardiovascular, renal, hematol\u00f3gico)podr\u00e1n enviar a un familiar que no tenga riesgo de salud, presentando el carnet de citas y\/o carn\u00e9 del Hospital Militar m\u00e1s DUI de la persona que retira el medicamento. Similar mecanismo se establecer\u00e1 para los pacientes que no poseen recetas repetitivas y se encuentren desbastecidos de sus medicamentos de uso cr\u00f3nico.<\/li><li>Las cirug\u00edas electivas programadas est\u00e1n suspendidas, a excepci\u00f3n de: ces\u00e1reas u otras que el personal m\u00e9dico considere no postergables.<\/li><li>La atenci\u00f3n en las Unidades de Emergencia funcionaran de manera normal. Pero se solicita a los usuarios hacer uso consiente de ellas, con el objeto de evitar su saturaci\u00f3n y aglomeraci\u00f3n de pacientes.<\/li><li>Se mantiene normal la programaci\u00f3n de las citas de los servicios de radiolog\u00eda.<\/li><li>Servicio de Hemodi\u00e1lisis funcionaran de forma normal.8.El horario de visitas de familiares a pacientes en el \u00e1rea de hospitalizaci\u00f3n se reducir\u00e1 de la siguiente manera: de lunes a viernes de 1100 a 1400HRS y los fines de semana de 1100 a 1400; as\u00ed mismo solo se permitir\u00e1 el ingreso de una persona visitante por paciente. No se permitir\u00e1 el ingreso de adultos mayores de 60 a\u00f1os y menores de 12 a\u00f1os, a ning\u00fan visitante con s\u00edntomas de gripe se le permitir\u00e1 el ingreso, se pide la comprensi\u00f3n y colaboraci\u00f3n de todo el personal en este punto.<\/li><li>La atenci\u00f3n del servicio de fisioterapia queda suspendida, a excepci\u00f3n de pacientes ingresados. Las Presentes disposiciones est\u00e1n dirigidas al control de potenciales fuentes de contagio dentro de nuestros hospitales y aunque pueden ocasionar incomodidad, buscan proteger a nuestros usuarios, especialmente los m\u00e1s vulnerables, por lo que solicitamos su comprensi\u00f3n, as\u00ed mismo, estas medidas estar\u00e1n en revisiones constantes y sujetas a cambios de acuerdo a la evoluci\u00f3n de la emergencia nacional. Consultas o dudas puede contactarnos a los<\/li><\/ol>\n","protected":false},"excerpt":{"rendered":"<div class=\"parrafos-blancos-letranegra\"><p>EL COMANDO DE SANIDAD MILITAR ANTE LA EMERGENCIA NACIONAL POR EL AVANCE REGIONAL DEL CORONAVIRUS HACE DEL CONOCIMIENTO DE TODOS SUS DERECHOHABIENTES Y BENEFICIARIOS: Que en nuestros Hospitales Militares se [&hellip;]<\/p>\n<\/div>","protected":false},"author":2,"featured_media":1862,"comment_status":"open","ping_status":"open","sticky":false,"template":"","format":"standard","meta":{"footnotes":""},"categories":[1],"tags":[],"class_list":["post-1860","post","type-post","status-publish","format-standard","has-post-thumbnail","hentry","category-sin-categoria"],"yoast_head":"<!-- This site is optimized with the Yoast SEO plugin v23.6 - https:\/\/yoast.com\/wordpress\/plugins\/seo\/ -->\n<title>COMANDO DE SANIDAD MILITAR COMUNICA - Direcci\u00f3n General de Reclutamiento y Reserva<\/title>\n<meta name=\"robots\" content=\"index, follow, max-snippet:-1, max-image-preview:large, max-video-preview:-1\" \/>\n<link rel=\"canonical\" href=\"https:\/\/reclutamiento.mil.sv\/?p=1860\" \/>\n<meta property=\"og:locale\" content=\"es_ES\" \/>\n<meta property=\"og:type\" content=\"article\" \/>\n<meta property=\"og:title\" content=\"COMANDO DE SANIDAD MILITAR COMUNICA - Direcci\u00f3n General de Reclutamiento y Reserva\" \/>\n<meta property=\"og:description\" content=\"EL COMANDO DE SANIDAD MILITAR ANTE LA EMERGENCIA NACIONAL POR EL AVANCE REGIONAL DEL CORONAVIRUS HACE DEL CONOCIMIENTO DE TODOS SUS DERECHOHABIENTES Y BENEFICIARIOS: Que en nuestros Hospitales Militares se [&hellip;]\" \/>\n<meta property=\"og:url\" content=\"https:\/\/reclutamiento.mil.sv\/?p=1860\" \/>\n<meta property=\"og:site_name\" content=\"Direcci\u00f3n General de Reclutamiento y Reserva\" \/>\n<meta property=\"article:published_time\" content=\"2020-05-19T21:01:43+00:00\" \/>\n<meta property=\"article:modified_time\" content=\"2021-08-25T15:48:53+00:00\" \/>\n<meta property=\"og:image\" content=\"https:\/\/reclutamiento.mil.sv\/wp-content\/uploads\/2020\/11\/Comunicado-COSAM-ante-COVID-19.jpg\" \/>\n\t<meta property=\"og:image:width\" content=\"1647\" \/>\n\t<meta property=\"og:image:height\" content=\"1647\" \/>\n\t<meta property=\"og:image:type\" content=\"image\/jpeg\" \/>\n<meta name=\"author\" content=\"FuerzaArmada\" \/>\n<meta name=\"twitter:card\" content=\"summary_large_image\" \/>\n<meta name=\"twitter:label1\" content=\"Escrito por\" \/>\n\t<meta name=\"twitter:data1\" content=\"FuerzaArmada\" \/>\n\t<meta name=\"twitter:label2\" content=\"Tiempo de lectura\" \/>\n\t<meta name=\"twitter:data2\" content=\"2 minutos\" \/>\n<script type=\"application\/ld+json\" class=\"yoast-schema-graph\">{\"@context\":\"https:\/\/schema.org\",\"@graph\":[{\"@type\":\"WebPage\",\"@id\":\"https:\/\/reclutamiento.mil.sv\/?p=1860\",\"url\":\"https:\/\/reclutamiento.mil.sv\/?p=1860\",\"name\":\"COMANDO DE SANIDAD MILITAR COMUNICA - Direcci\u00f3n General de Reclutamiento y Reserva\",\"isPartOf\":{\"@id\":\"https:\/\/reclutamiento.mil.sv\/#website\"},\"primaryImageOfPage\":{\"@id\":\"https:\/\/reclutamiento.mil.sv\/?p=1860#primaryimage\"},\"image\":{\"@id\":\"https:\/\/reclutamiento.mil.sv\/?p=1860#primaryimage\"},\"thumbnailUrl\":\"https:\/\/reclutamiento.mil.sv\/wp-content\/uploads\/2020\/11\/Comunicado-COSAM-ante-COVID-19.jpg\",\"datePublished\":\"2020-05-19T21:01:43+00:00\",\"dateModified\":\"2021-08-25T15:48:53+00:00\",\"author\":{\"@id\":\"https:\/\/reclutamiento.mil.sv\/#\/schema\/person\/e2c9c22f33e772aec6f6095489211ba2\"},\"breadcrumb\":{\"@id\":\"https:\/\/reclutamiento.mil.sv\/?p=1860#breadcrumb\"},\"inLanguage\":\"es\",\"potentialAction\":[{\"@type\":\"ReadAction\",\"target\":[\"https:\/\/reclutamiento.mil.sv\/?p=1860\"]}]},{\"@type\":\"ImageObject\",\"inLanguage\":\"es\",\"@id\":\"https:\/\/reclutamiento.mil.sv\/?p=1860#primaryimage\",\"url\":\"https:\/\/reclutamiento.mil.sv\/wp-content\/uploads\/2020\/11\/Comunicado-COSAM-ante-COVID-19.jpg\",\"contentUrl\":\"https:\/\/reclutamiento.mil.sv\/wp-content\/uploads\/2020\/11\/Comunicado-COSAM-ante-COVID-19.jpg\",\"width\":1647,\"height\":1647},{\"@type\":\"BreadcrumbList\",\"@id\":\"https:\/\/reclutamiento.mil.sv\/?p=1860#breadcrumb\",\"itemListElement\":[{\"@type\":\"ListItem\",\"position\":1,\"name\":\"Inicio\",\"item\":\"https:\/\/reclutamiento.mil.sv\/\"},{\"@type\":\"ListItem\",\"position\":2,\"name\":\"Sin categor\u00eda\",\"item\":\"https:\/\/reclutamiento.mil.sv\/?cat=1\"},{\"@type\":\"ListItem\",\"position\":3,\"name\":\"COMANDO DE SANIDAD MILITAR COMUNICA\"}]},{\"@type\":\"WebSite\",\"@id\":\"https:\/\/reclutamiento.mil.sv\/#website\",\"url\":\"https:\/\/reclutamiento.mil.sv\/\",\"name\":\"Direcci\u00f3n General de Reclutamiento y Reserva\",\"description\":\"DGRR\",\"potentialAction\":[{\"@type\":\"SearchAction\",\"target\":{\"@type\":\"EntryPoint\",\"urlTemplate\":\"https:\/\/reclutamiento.mil.sv\/?s={search_term_string}\"},\"query-input\":{\"@type\":\"PropertyValueSpecification\",\"valueRequired\":true,\"valueName\":\"search_term_string\"}}],\"inLanguage\":\"es\"},{\"@type\":\"Person\",\"@id\":\"https:\/\/reclutamiento.mil.sv\/#\/schema\/person\/e2c9c22f33e772aec6f6095489211ba2\",\"name\":\"FuerzaArmada\",\"image\":{\"@type\":\"ImageObject\",\"inLanguage\":\"es\",\"@id\":\"https:\/\/reclutamiento.mil.sv\/#\/schema\/person\/image\/\",\"url\":\"https:\/\/secure.gravatar.com\/avatar\/3700f87289871e0b694c1be1225fe762?s=96&d=mm&r=g\",\"contentUrl\":\"https:\/\/secure.gravatar.com\/avatar\/3700f87289871e0b694c1be1225fe762?s=96&d=mm&r=g\",\"caption\":\"FuerzaArmada\"},\"sameAs\":[\"http:fuerzaarmada.mil.sv\"],\"url\":\"https:\/\/reclutamiento.mil.sv\/?author=2\"}]}<\/script>\n<!-- \/ Yoast SEO plugin. -->","yoast_head_json":{"title":"COMANDO DE SANIDAD MILITAR COMUNICA - Direcci\u00f3n General de Reclutamiento y Reserva","robots":{"index":"index","follow":"follow","max-snippet":"max-snippet:-1","max-image-preview":"max-image-preview:large","max-video-preview":"max-video-preview:-1"},"canonical":"https:\/\/reclutamiento.mil.sv\/?p=1860","og_locale":"es_ES","og_type":"article","og_title":"COMANDO DE SANIDAD MILITAR COMUNICA - Direcci\u00f3n General de Reclutamiento y Reserva","og_description":"EL COMANDO DE SANIDAD MILITAR ANTE LA EMERGENCIA NACIONAL POR EL AVANCE REGIONAL DEL CORONAVIRUS HACE DEL CONOCIMIENTO DE TODOS SUS DERECHOHABIENTES Y BENEFICIARIOS: Que en nuestros Hospitales Militares se [&hellip;]","og_url":"https:\/\/reclutamiento.mil.sv\/?p=1860","og_site_name":"Direcci\u00f3n General de Reclutamiento y Reserva","article_published_time":"2020-05-19T21:01:43+00:00","article_modified_time":"2021-08-25T15:48:53+00:00","og_image":[{"width":1647,"height":1647,"url":"https:\/\/reclutamiento.mil.sv\/wp-content\/uploads\/2020\/11\/Comunicado-COSAM-ante-COVID-19.jpg","type":"image\/jpeg"}],"author":"FuerzaArmada","twitter_card":"summary_large_image","twitter_misc":{"Escrito por":"FuerzaArmada","Tiempo de lectura":"2 minutos"},"schema":{"@context":"https:\/\/schema.org","@graph":[{"@type":"WebPage","@id":"https:\/\/reclutamiento.mil.sv\/?p=1860","url":"https:\/\/reclutamiento.mil.sv\/?p=1860","name":"COMANDO DE SANIDAD MILITAR COMUNICA - Direcci\u00f3n General de Reclutamiento y Reserva","isPartOf":{"@id":"https:\/\/reclutamiento.mil.sv\/#website"},"primaryImageOfPage":{"@id":"https:\/\/reclutamiento.mil.sv\/?p=1860#primaryimage"},"image":{"@id":"https:\/\/reclutamiento.mil.sv\/?p=1860#primaryimage"},"thumbnailUrl":"https:\/\/reclutamiento.mil.sv\/wp-content\/uploads\/2020\/11\/Comunicado-COSAM-ante-COVID-19.jpg","datePublished":"2020-05-19T21:01:43+00:00","dateModified":"2021-08-25T15:48:53+00:00","author":{"@id":"https:\/\/reclutamiento.mil.sv\/#\/schema\/person\/e2c9c22f33e772aec6f6095489211ba2"},"breadcrumb":{"@id":"https:\/\/reclutamiento.mil.sv\/?p=1860#breadcrumb"},"inLanguage":"es","potentialAction":[{"@type":"ReadAction","target":["https:\/\/reclutamiento.mil.sv\/?p=1860"]}]},{"@type":"ImageObject","inLanguage":"es","@id":"https:\/\/reclutamiento.mil.sv\/?p=1860#primaryimage","url":"https:\/\/reclutamiento.mil.sv\/wp-content\/uploads\/2020\/11\/Comunicado-COSAM-ante-COVID-19.jpg","contentUrl":"https:\/\/reclutamiento.mil.sv\/wp-content\/uploads\/2020\/11\/Comunicado-COSAM-ante-COVID-19.jpg","width":1647,"height":1647},{"@type":"BreadcrumbList","@id":"https:\/\/reclutamiento.mil.sv\/?p=1860#breadcrumb","itemListElement":[{"@type":"ListItem","position":1,"name":"Inicio","item":"https:\/\/reclutamiento.mil.sv\/"},{"@type":"ListItem","position":2,"name":"Sin categor\u00eda","item":"https:\/\/reclutamiento.mil.sv\/?cat=1"},{"@type":"ListItem","position":3,"name":"COMANDO DE SANIDAD MILITAR COMUNICA"}]},{"@type":"WebSite","@id":"https:\/\/reclutamiento.mil.sv\/#website","url":"https:\/\/reclutamiento.mil.sv\/","name":"Direcci\u00f3n General de Reclutamiento y Reserva","description":"DGRR","potentialAction":[{"@type":"SearchAction","target":{"@type":"EntryPoint","urlTemplate":"https:\/\/reclutamiento.mil.sv\/?s={search_term_string}"},"query-input":{"@type":"PropertyValueSpecification","valueRequired":true,"valueName":"search_term_string"}}],"inLanguage":"es"},{"@type":"Person","@id":"https:\/\/reclutamiento.mil.sv\/#\/schema\/person\/e2c9c22f33e772aec6f6095489211ba2","name":"FuerzaArmada","image":{"@type":"ImageObject","inLanguage":"es","@id":"https:\/\/reclutamiento.mil.sv\/#\/schema\/person\/image\/","url":"https:\/\/secure.gravatar.com\/avatar\/3700f87289871e0b694c1be1225fe762?s=96&d=mm&r=g","contentUrl":"https:\/\/secure.gravatar.com\/avatar\/3700f87289871e0b694c1be1225fe762?s=96&d=mm&r=g","caption":"FuerzaArmada"},"sameAs":["http:fuerzaarmada.mil.sv"],"url":"https:\/\/reclutamiento.mil.sv\/?author=2"}]}},"_links":{"self":[{"href":"https:\/\/reclutamiento.mil.sv\/index.php?rest_route=\/wp\/v2\/posts\/1860"}],"collection":[{"href":"https:\/\/reclutamiento.mil.sv\/index.php?rest_route=\/wp\/v2\/posts"}],"about":[{"href":"https:\/\/reclutamiento.mil.sv\/index.php?rest_route=\/wp\/v2\/types\/post"}],"author":[{"embeddable":true,"href":"https:\/\/reclutamiento.mil.sv\/index.php?rest_route=\/wp\/v2\/users\/2"}],"replies":[{"embeddable":true,"href":"https:\/\/reclutamiento.mil.sv\/index.php?rest_route=%2Fwp%2Fv2%2Fcomments&post=1860"}],"version-history":[{"count":1,"href":"https:\/\/reclutamiento.mil.sv\/index.php?rest_route=\/wp\/v2\/posts\/1860\/revisions"}],"predecessor-version":[{"id":1861,"href":"https:\/\/reclutamiento.mil.sv\/index.php?rest_route=\/wp\/v2\/posts\/1860\/revisions\/1861"}],"wp:featuredmedia":[{"embeddable":true,"href":"https:\/\/reclutamiento.mil.sv\/index.php?rest_route=\/wp\/v2\/media\/1862"}],"wp:attachment":[{"href":"https:\/\/reclutamiento.mil.sv\/index.php?rest_route=%2Fwp%2Fv2%2Fmedia&parent=1860"}],"wp:term":[{"taxonomy":"category","embeddable":true,"href":"https:\/\/reclutamiento.mil.sv\/index.php?rest_route=%2Fwp%2Fv2%2Fcategories&post=1860"},{"taxonomy":"post_tag","embeddable":true,"href":"https:\/\/reclutamiento.mil.sv\/index.php?rest_route=%2Fwp%2Fv2%2Ftags&post=1860"}],"curies":[{"name":"wp","href":"https:\/\/api.w.org\/{rel}","templated":true}]}}